{"id":747,"date":"2009-10-02T12:37:20","date_gmt":"2009-10-02T15:37:20","guid":{"rendered":"http:\/\/www.radians.com.ar\/blog\/?p=747"},"modified":"2009-10-02T12:37:20","modified_gmt":"2009-10-02T15:37:20","slug":"capacitese-y-crezca-evento-lanzamiento-windows-7-y-windows-server-2008-r2","status":"publish","type":"post","link":"https:\/\/www.radians.com.ar\/blog\/?p=747","title":{"rendered":"Capacitese y Crezca {Evento Lanzamiento Windows 7 y Windows Server 2008 R2}"},"content":{"rendered":"<p><a href=\"http:\/\/go.microsoft.com\/?linkid=9682791\"><img loading=\"lazy\" decoding=\"async\" style=\"border-bottom: 0px; border-left: 0px; display: inline; border-top: 0px; border-right: 0px\" title=\"EventoWindows7\" border=\"0\" alt=\"EventoWindows7\" src=\"http:\/\/www.radians.com.ar\/Articulos\/Images\/CapaciteseyCrezcaEventoLanzamientoWindow_B18B\/EventoWindows7.png\" width=\"540\" height=\"177\" \/><\/a> Este evento virtual presentar\u00e1 demostraciones simples e interactivas a partir del 7 de octubre, y hasta el mes de diciembre. Usted podr\u00e1 experimentar con productos Microsoft, contar con soporte en vivo, y aprovechar el testimonio de l\u00edderes de la industria en beneficio de su empresa. <\/p>\n<h2>Qu\u00e9 esperar en este evento<\/h2>\n<p><a href=\"http:\/\/technet.microsoft.com\/windows\/dd361745.aspx\">Windows 7<\/a><\/p>\n<ul>\n<li>Caracter\u00edsticas, despliegue y seguridad en Windows 7<\/li>\n<li>De Vista a 7: virtualizaci\u00f3n de escritorios, migraci\u00f3n de redes y fundamentos de administraci\u00f3n<\/li>\n<li>Optimizaci\u00f3n de aplicaciones<\/li>\n<\/ul>\n<p><a href=\"http:\/\/technet.microsoft.com\/windowsserver\/\">Windows Server 2008 R2<\/a><\/p>\n<ul>\n<li>Revisi\u00f3n de la nueva tecnolog\u00eda, optimizaci\u00f3n en el consumo de energ\u00eda<\/li>\n<li>Mejoras de virtualizaci\u00f3n, analizador de mejores pr\u00e1cticas e infraestructura para trabajar en cualquier sitio<\/li>\n<\/ul>\n<p><a href=\"http:\/\/technet.microsoft.com\/exchange\/\">Exchange Server 2010<\/a><\/p>\n<ul>\n<li>Revisi\u00f3n general, movilidad y Outlook Web Access<\/li>\n<li>Alta disponibilidad y almacenamiento<\/li>\n<li>Herramientas de manejo, transici\u00f3n y descarga <\/li>\n<\/ul>\n<p><a href=\"http:\/\/technet.microsoft.com\/security\/\">Forefront<\/a><\/p>\n<ul>\n<li>Introducci\u00f3n y la nueva generaci\u00f3n de productos Forefront<\/li>\n<li>Forefront y Office SharePoint Server, mejor juntos!<\/li>\n<\/ul>\n<p><a href=\"http:\/\/technet.microsoft.com\/office\/\">Information Workers<\/a><\/p>\n<ul>\n<li>Introducci\u00f3n a Office 2010<\/li>\n<li>Novedades, mejoras y trucos<\/li>\n<\/ul>\n","protected":false},"excerpt":{"rendered":"<p>Este evento virtual presentar\u00e1 demostraciones simples e interactivas a partir del 7 de octubre, y&#8230;<\/p>\n","protected":false},"author":1,"featured_media":4291,"comment_status":"closed","ping_status":"closed","sticky":false,"template":"","format":"standard","meta":{"_monsterinsights_skip_tracking":false,"_monsterinsights_sitenote_active":false,"_monsterinsights_sitenote_note":"","_monsterinsights_sitenote_category":0,"footnotes":""},"categories":[11,5,13],"tags":[],"class_list":["post-747","post","type-post","status-publish","format-standard","has-post-thumbnail","hentry","category-2008-r2","category-videos-noticias","category-vista-xp"],"_links":{"self":[{"href":"https:\/\/www.radians.com.ar\/blog\/index.php?rest_route=\/wp\/v2\/posts\/747","targetHints":{"allow":["GET"]}}],"collection":[{"href":"https:\/\/www.radians.com.ar\/blog\/index.php?rest_route=\/wp\/v2\/posts"}],"about":[{"href":"https:\/\/www.radians.com.ar\/blog\/index.php?rest_route=\/wp\/v2\/types\/post"}],"author":[{"embeddable":true,"href":"https:\/\/www.radians.com.ar\/blog\/index.php?rest_route=\/wp\/v2\/users\/1"}],"replies":[{"embeddable":true,"href":"https:\/\/www.radians.com.ar\/blog\/index.php?rest_route=%2Fwp%2Fv2%2Fcomments&post=747"}],"version-history":[{"count":0,"href":"https:\/\/www.radians.com.ar\/blog\/index.php?rest_route=\/wp\/v2\/posts\/747\/revisions"}],"wp:featuredmedia":[{"embeddable":true,"href":"https:\/\/www.radians.com.ar\/blog\/index.php?rest_route=\/wp\/v2\/media\/4291"}],"wp:attachment":[{"href":"https:\/\/www.radians.com.ar\/blog\/index.php?rest_route=%2Fwp%2Fv2%2Fmedia&parent=747"}],"wp:term":[{"taxonomy":"category","embeddable":true,"href":"https:\/\/www.radians.com.ar\/blog\/index.php?rest_route=%2Fwp%2Fv2%2Fcategories&post=747"},{"taxonomy":"post_tag","embeddable":true,"href":"https:\/\/www.radians.com.ar\/blog\/index.php?rest_route=%2Fwp%2Fv2%2Ftags&post=747"}],"curies":[{"name":"wp","href":"https:\/\/api.w.org\/{rel}","templated":true}]}}