{"id":6118,"date":"2025-10-10T12:09:14","date_gmt":"2025-10-10T15:09:14","guid":{"rendered":"https:\/\/www.radians.com.ar\/blog\/?p=6118"},"modified":"2025-12-26T11:12:57","modified_gmt":"2025-12-26T14:12:57","slug":"windows-11-insider-preview-build-27959-canary-channel","status":"publish","type":"post","link":"https:\/\/www.radians.com.ar\/blog\/?p=6118","title":{"rendered":"Windows 11 Insider Preview Build 27959 (Canary Channel)"},"content":{"rendered":"\n<p>Hola Windows Insiders, hoy Microsoft ha lanzado la version\u00a0<strong>Windows 11 Insider Preview\u00a0Build 27959<\/strong>\u00a0en el Canal Canary. Aqui los cambios que contiene:<\/p>\n\n\n\n<h2 class=\"wp-block-heading\"><strong>Novedades de la compilaci\u00f3n 27959&nbsp;<\/strong><\/h2>\n\n\n\n<h2 class=\"wp-block-heading\"><strong>Cambios y mejoras<\/strong><\/h2>\n\n\n\n<h3 class=\"wp-block-heading\"><strong>Nueva configuraci\u00f3n para mover los indicadores de hardware en la pantalla<\/strong><\/h3>\n\n\n\n<p>Nos complace presentar una configuraci\u00f3n muy solicitada: la opci\u00f3n de mover los indicadores de hardware de brillo, volumen, modo avi\u00f3n y escritorios virtuales a diferentes posiciones en la pantalla. Compatible con la posici\u00f3n inferior actual y las nuevas posiciones superior izquierda y central.<\/p>\n\n\n\n<figure class=\"wp-block-image size-large\"><img decoding=\"async\" src=\"https:\/\/www.radians.com.ar\/Articulos\/Images2025\/20251010-1.png\" alt=\"\"\/><\/figure>\n\n\n\n<figure class=\"wp-block-image size-large\"><img decoding=\"async\" src=\"https:\/\/www.radians.com.ar\/Articulos\/Images2025\/20251010-2.png\" alt=\"\"\/><\/figure>\n\n\n\n<p>Para cambiar la posici\u00f3n de los men\u00fas desplegables, vaya a\u00a0<strong>Configuraci\u00f3n<\/strong>\u00a0\u00a0>\u00a0<strong>Sistema<\/strong>\u00a0> <strong>Notificaciones<\/strong>\u00a0\u00a0y use el men\u00fa desplegable para\u00a0<strong>Posici\u00f3n de la ventana emergente en pantalla<\/strong>\u00a0<\/p>\n\n\n\n<figure class=\"wp-block-image size-large\"><img decoding=\"async\" src=\"https:\/\/www.radians.com.ar\/Articulos\/Images2025\/20251010-3.png\" alt=\"\"\/><\/figure>\n\n\n\n<h3 class=\"wp-block-heading\"><strong>[Aporte]<\/strong><\/h3>\n\n\n\n<ul class=\"wp-block-list\">\n<li>Agregamos un nuevo atajo de teclado para facilitar la inserci\u00f3n de un guion corto (\u2013) o un guion largo (\u2014) al escribir en cualquier lugar de Windows. A partir de ahora, al presionar WIN + Menos (-) se insertar\u00e1 un guion corto, y WIN + May\u00fas + Menos (-) se insertar\u00e1 un guion largo. Nota: si tiene la Lupa activada, WIN + Menos (-) seguir\u00e1 reduciendo la vista de la Lupa, en lugar de insertar un guion corto.<\/li>\n<\/ul>\n\n\n\n<h3 class=\"wp-block-heading\"><strong>[Compartir en Windows]<\/strong><\/h3>\n\n\n\n<ul class=\"wp-block-list\">\n<li>Hemos agregado la posibilidad de anclar tus aplicaciones favoritas en la ventana compartida de Windows.<\/li>\n<\/ul>\n\n\n\n<figure class=\"wp-block-image size-large\"><img decoding=\"async\" src=\"https:\/\/www.radians.com.ar\/Articulos\/Images2025\/20251010-4.png\" alt=\"\"\/><\/figure>\n\n\n\n<p><strong>[Otro]<\/strong><\/p>\n\n\n\n<ul class=\"wp-block-list\">\n<li>Hemos actualizado m\u00e1s cuadros de di\u00e1logo para que coincidan con las im\u00e1genes de Windows 11, incluido el cuadro de di\u00e1logo que aparece cuando una aplicaci\u00f3n no se puede abrir.<\/li>\n<\/ul>\n\n\n\n<h2 class=\"wp-block-heading\"><strong>Correcciones<\/strong><\/h2>\n\n\n\n<h3 class=\"wp-block-heading\"><strong>[General]<\/strong><\/h3>\n\n\n\n<ul class=\"wp-block-list\">\n<li>Se solucion\u00f3 un problema que causaba que algunos Insiders con PC Arm64 experimentaran un aumento en las comprobaciones de errores (pantallas verdes) con el error IRQL_NOT_LESS_OR_EQUAL en las \u00faltimas compilaciones de Canary.<\/li>\n<\/ul>\n\n\n\n<h3 class=\"wp-block-heading\"><strong>[Explorador de archivos]<\/strong><\/h3>\n\n\n\n<ul class=\"wp-block-list\">\n<li>El men\u00fa contextual del Explorador de archivos se ha actualizado para eliminar el fondo de color acentuado detr\u00e1s de\u00a0 los iconos\u00a0<a href=\"https:\/\/learn.microsoft.com\/windows\/msix\/desktop\/desktop-to-uwp-behind-the-scenes\">de las aplicaciones empaquetadas<\/a>\u00a0en la lista &#8220;Abrir con&#8221; al hacer clic derecho en un archivo (por ejemplo, Recortes). Este cambio facilita la visualizaci\u00f3n de los iconos.<\/li>\n\n\n\n<li>Se realizaron algunos cambios subyacentes para ayudar a mejorar el rendimiento del lanzamiento de archivos en la nube desde el Explorador de archivos y la carga de men\u00fas contextuales.<\/li>\n\n\n\n<li>Se solucion\u00f3 un problema que pod\u00eda provocar que los \u00edconos y el texto se superpusieran en el escritorio al usar una escala de texto aumentada.<\/li>\n\n\n\n<li>Se solucion\u00f3 un problema en el que los \u00edconos en los paneles de detalles, vista previa y navegaci\u00f3n del Explorador de archivos no se reflejaban correctamente al usar un idioma de visualizaci\u00f3n \u00e1rabe o hebreo.<\/li>\n<\/ul>\n\n\n\n<h3 class=\"wp-block-heading\"><strong>[Barra de tareas y bandeja del sistema]<\/strong><\/h3>\n\n\n\n<ul class=\"wp-block-list\">\n<li>Se solucion\u00f3 un problema en las \u00faltimas versiones donde el \u00edcono de la bater\u00eda pod\u00eda desincronizarse con el estado de carga real (por ejemplo, mostraba que no estaba enchufado cuando s\u00ed lo estaba).<\/li>\n\n\n\n<li>Se solucion\u00f3 un problema relacionado con el enfoque al hacer clic en la miniatura de vista previa de una aplicaci\u00f3n que pod\u00eda provocar que esta se descartara pero que la ventana de la aplicaci\u00f3n no apareciera en primer plano.<\/li>\n<\/ul>\n\n\n\n<h3 class=\"wp-block-heading\"><strong>[Men\u00fa de inicio]<\/strong><\/h3>\n\n\n\n<ul class=\"wp-block-list\">\n<li>Se solucion\u00f3 un problema subyacente que causaba que el men\u00fa Inicio desapareciera si intentabas usar WIN + Shift + S para tomar una captura de pantalla del mismo.<\/li>\n<\/ul>\n\n\n\n<h3 class=\"wp-block-heading\"><strong>[Pantalla y gr\u00e1ficos]<\/strong><\/h3>\n\n\n\n<ul class=\"wp-block-list\">\n<li>Se solucion\u00f3 un problema por el cual las aplicaciones y los navegadores pod\u00edan bloquear parcialmente el contenido en pantalla mientras otras aplicaciones maximizadas o en pantalla completa se actualizaban en segundo plano. Esto pod\u00eda notarse especialmente al intentar desplazarse por el contenido de la ventana, ya que solo se actualizaban algunas partes.<\/li>\n<\/ul>\n\n\n\n<h3 class=\"wp-block-heading\"><strong>[Windows Hola]<\/strong><\/h3>\n\n\n\n<ul class=\"wp-block-list\">\n<li>Se solucion\u00f3 un problema por el cual la configuraci\u00f3n del PIN de Windows Hello pod\u00eda fallar con el error 0x80090010 en dispositivos unidos al dominio Entra despu\u00e9s de las \u00faltimas actualizaciones.<\/li>\n<\/ul>\n\n\n\n<h3 class=\"wp-block-heading\"><strong>[Acceso de voz]<\/strong><\/h3>\n\n\n\n<ul class=\"wp-block-list\">\n<li>Se solucion\u00f3 un problema que pod\u00eda provocar que Voice Access no funcionara y mostrara el error 9001.<\/li>\n<\/ul>\n\n\n\n<h3 class=\"wp-block-heading\"><strong>[Para desarrolladores]<\/strong><\/h3>\n\n\n\n<ul class=\"wp-block-list\">\n<li>Hab\u00eda un problema por el cual\u00a0\u00a0<a href=\"https:\/\/devblogs.microsoft.com\/pix\/download\/\">PIX en Windows<\/a>\u00a0\u00a0no pod\u00eda reproducir capturas de GPU en las \u00faltimas versiones del sistema operativo. Esto se ha solucionado con una nueva versi\u00f3n de PIX.<\/li>\n<\/ul>\n\n\n\n<h3 class=\"wp-block-heading\"><strong>[Seguridad de Windows]<\/strong><\/h3>\n\n\n\n<ul class=\"wp-block-list\">\n<li>Se solucion\u00f3 un problema en el que los ap\u00f3strofes en algunos textos de la aplicaci\u00f3n no se mostraban correctamente.<\/li>\n<\/ul>\n\n\n\n<h2 class=\"wp-block-heading\"><strong>Problemas conocidos<\/strong><\/h2>\n\n\n\n<h3 class=\"wp-block-heading\"><strong>[Alimentaci\u00f3n y bater\u00eda]<\/strong><\/h3>\n\n\n\n<ul class=\"wp-block-list\">\n<li>[\u00a0<strong>NUEVO<\/strong>\u00a0] Estamos investigando informes que indican que la suspensi\u00f3n y el apagado no funcionan correctamente para algunos Insiders despu\u00e9s de las \u00faltimas compilaciones de Canary.<\/li>\n<\/ul>\n","protected":false},"excerpt":{"rendered":"<p>Hola Windows Insiders, hoy Microsoft ha lanzado la version\u00a0Windows 11 Insider Preview\u00a0Build 27959\u00a0en el Canal&#8230;<\/p>\n","protected":false},"author":1,"featured_media":6172,"comment_status":"open","ping_status":"open","sticky":false,"template":"","format":"standard","meta":{"_monsterinsights_skip_tracking":false,"_monsterinsights_sitenote_active":false,"_monsterinsights_sitenote_note":"","_monsterinsights_sitenote_category":0,"footnotes":""},"categories":[453,578],"tags":[341,205,501,204,558,525,526,523,518,509,499,516,191,508,426],"class_list":["post-6118","post","type-post","status-publish","format-standard","has-post-thumbnail","hentry","category-windows-11","category-windows-insiders","tag-howto","tag-microsoft","tag-microsoft-mvp","tag-mvp","tag-mvp-windows-insider","tag-rad-tech","tag-rad-tech-ar","tag-radians","tag-radians-com-ar","tag-radiansblog","tag-roberto-di-lello","tag-roberto-dl","tag-screencast","tag-windows-365","tag-windows-insider"],"_links":{"self":[{"href":"https:\/\/www.radians.com.ar\/blog\/index.php?rest_route=\/wp\/v2\/posts\/6118","targetHints":{"allow":["GET"]}}],"collection":[{"href":"https:\/\/www.radians.com.ar\/blog\/index.php?rest_route=\/wp\/v2\/posts"}],"about":[{"href":"https:\/\/www.radians.com.ar\/blog\/index.php?rest_route=\/wp\/v2\/types\/post"}],"author":[{"embeddable":true,"href":"https:\/\/www.radians.com.ar\/blog\/index.php?rest_route=\/wp\/v2\/users\/1"}],"replies":[{"embeddable":true,"href":"https:\/\/www.radians.com.ar\/blog\/index.php?rest_route=%2Fwp%2Fv2%2Fcomments&post=6118"}],"version-history":[{"count":1,"href":"https:\/\/www.radians.com.ar\/blog\/index.php?rest_route=\/wp\/v2\/posts\/6118\/revisions"}],"predecessor-version":[{"id":6178,"href":"https:\/\/www.radians.com.ar\/blog\/index.php?rest_route=\/wp\/v2\/posts\/6118\/revisions\/6178"}],"wp:featuredmedia":[{"embeddable":true,"href":"https:\/\/www.radians.com.ar\/blog\/index.php?rest_route=\/wp\/v2\/media\/6172"}],"wp:attachment":[{"href":"https:\/\/www.radians.com.ar\/blog\/index.php?rest_route=%2Fwp%2Fv2%2Fmedia&parent=6118"}],"wp:term":[{"taxonomy":"category","embeddable":true,"href":"https:\/\/www.radians.com.ar\/blog\/index.php?rest_route=%2Fwp%2Fv2%2Fcategories&post=6118"},{"taxonomy":"post_tag","embeddable":true,"href":"https:\/\/www.radians.com.ar\/blog\/index.php?rest_route=%2Fwp%2Fv2%2Ftags&post=6118"}],"curies":[{"name":"wp","href":"https:\/\/api.w.org\/{rel}","templated":true}]}}