{"id":6112,"date":"2025-09-19T10:44:25","date_gmt":"2025-09-19T13:44:25","guid":{"rendered":"https:\/\/www.radians.com.ar\/blog\/?p=6112"},"modified":"2025-12-26T10:59:08","modified_gmt":"2025-12-26T13:59:08","slug":"windows11-insider-preview-27950","status":"publish","type":"post","link":"https:\/\/www.radians.com.ar\/blog\/?p=6112","title":{"rendered":"Windows 11 Insider Preview Build 27950 (Canary Channel)"},"content":{"rendered":"\n<p>Hola Windows Insiders, hoy lanzamos&nbsp;<strong>Windows 11 Insider Preview&nbsp;<\/strong><strong>Build 27950<\/strong>&nbsp;en el Canal Canary.<\/p>\n\n\n\n<h2 class=\"wp-block-heading\"><strong>Cambios y mejoras<\/strong><\/h2>\n\n\n\n<h3 class=\"wp-block-heading\"><strong>[General]<\/strong><\/h3>\n\n\n\n<ul class=\"wp-block-list\">\n<li>Esta actualizaci\u00f3n incluye un peque\u00f1o conjunto de mejoras y correcciones generales que mejoran la experiencia general de los Insiders que ejecutan esta compilaci\u00f3n en sus PC.<\/li>\n<\/ul>\n\n\n\n<h3 class=\"wp-block-heading\"><strong>[Ajustes]<\/strong><\/h3>\n\n\n\n<ul class=\"wp-block-list\">\n<li>Tras actualizar a esta compilaci\u00f3n, la configuraci\u00f3n avanzada volver\u00e1 a la experiencia anterior &#8220;Para desarrolladores&#8221;. Este cambio se implementar\u00e1 pr\u00f3ximamente.<\/li>\n<\/ul>\n\n\n\n<h2 class=\"wp-block-heading\"><strong>Correcciones<\/strong><\/h2>\n\n\n\n<h3 class=\"wp-block-heading\"><strong>[General]<\/strong><\/h3>\n\n\n\n<ul class=\"wp-block-list\">\n<li>Se solucion\u00f3 un problema que causaba que algunos Insiders experimentaran una reversi\u00f3n al intentar instalar la \u00faltima compilaci\u00f3n con un error 0xC1900101-0x20017 o 0xC1900101-0x30017.<\/li>\n<\/ul>\n\n\n\n<h3 class=\"wp-block-heading\"><strong>[Barra de tareas y bandeja del sistema]<\/strong><\/h3>\n\n\n\n<ul class=\"wp-block-list\">\n<li>Se solucion\u00f3 un problema que pod\u00eda provocar que las ventanas de vista previa de las aplicaciones en la barra de tareas se desalinearan (lejos del \u00edcono de la aplicaci\u00f3n sobre la que hab\u00eda hecho clic o sobre el que hab\u00eda pasado el cursor) despu\u00e9s de un cambio de resoluci\u00f3n de pantalla.<\/li>\n<\/ul>\n\n\n\n<h3 class=\"wp-block-heading\"><strong>[Explorador de archivos]<\/strong><\/h3>\n\n\n\n<ul class=\"wp-block-list\">\n<li>Se solucion\u00f3 un problema por el cual la interacci\u00f3n con el men\u00fa contextual en el Explorador de archivos pod\u00eda provocar que el cuerpo del Explorador de archivos no respondiera a los clics.<\/li>\n\n\n\n<li>Se solucion\u00f3 un problema que pod\u00eda provocar que ciertas aplicaciones se bloquearan al iniciar el cuadro de di\u00e1logo Abrir o Guardar.<\/li>\n\n\n\n<li>Se solucion\u00f3 un problema por el cual, con ciertas aplicaciones instaladas, al hacer clic derecho, pod\u00eda verse que el men\u00fa contextual cambiaba inesperadamente con cada clic derecho entre la vista inicial normal y &#8220;Mostrar m\u00e1s opciones&#8221;.<\/li>\n<\/ul>\n\n\n\n<h3 class=\"wp-block-heading\"><strong>[Gr\u00e1ficos]<\/strong><\/h3>\n\n\n\n<ul class=\"wp-block-list\">\n<li>Se solucion\u00f3 un problema que causaba que algunos Insiders experimentaran parpadeos en la pantalla al usar el navegador (y potencialmente otros escenarios) en las \u00faltimas compilaciones de Canary.<\/li>\n<\/ul>\n\n\n\n<h3 class=\"wp-block-heading\"><strong>[Audio]<\/strong><\/h3>\n\n\n\n<ul class=\"wp-block-list\">\n<li>Si ten\u00eda problemas de audio despu\u00e9s de las \u00faltimas actualizaciones, esto deber\u00eda estar resuelto. Sin embargo, los problemas de audio pueden tener varias causas, as\u00ed que si contin\u00faa experimentando problemas, env\u00ede sus comentarios en Dispositivos y controladores > Audio y sonido en el Centro de comentarios. Si es posible, incluya un seguimiento mediante la opci\u00f3n &#8220;Capturar el problema&#8221; en el paso 4 del informe de problemas.<\/li>\n<\/ul>\n\n\n\n<h3 class=\"wp-block-heading\"><strong>[Iluminaci\u00f3n din\u00e1mica]<\/strong><\/h3>\n\n\n\n<ul class=\"wp-block-list\">\n<li>Se solucion\u00f3 un problema en la iluminaci\u00f3n din\u00e1mica donde el controlador de fondo de iluminaci\u00f3n din\u00e1mica ocasionalmente consum\u00eda una cantidad excesiva de CPU despu\u00e9s de desbloquear la m\u00e1quina.<\/li>\n<\/ul>\n\n\n\n<h3 class=\"wp-block-heading\"><strong>[Otro]<\/strong><\/h3>\n\n\n\n<ul class=\"wp-block-list\">\n<li>Hemos realizado mejoras para mejorar el rendimiento al jugar con la barra de juegos u otras superposiciones. Esto puede ser especialmente \u00fatil para quienes usan varios monitores con diferentes frecuencias de actualizaci\u00f3n. Como siempre, si experimentas problemas de rendimiento, env\u00eda tus comentarios, incluyendo un seguimiento del problema, siguiendo estos\u00a0<a href=\"http:\/\/aka.ms\/gameperffeedback\">pasos<\/a>\u00a0. \u00a1Gracias a los miembros de Windows Insider que han compartido sus comentarios!<\/li>\n<\/ul>\n\n\n\n<h2 class=\"wp-block-heading\"><strong>Problemas conocidos<\/strong><\/h2>\n\n\n\n<h3 class=\"wp-block-heading\"><strong>[General]<\/strong><\/h3>\n\n\n\n<ul class=\"wp-block-list\">\n<li>Estamos trabajando para solucionar un problema que provoca que algunos Insiders con PC Arm64 experimenten un aumento en las comprobaciones de errores (pantallas verdes) con el error IRQL_NOT_LESS_OR_EQUAL en las \u00faltimas compilaciones de Canary.<\/li>\n<\/ul>\n\n\n\n<h3 class=\"wp-block-heading\"><strong>[Para desarrolladores]<\/strong><\/h3>\n\n\n\n<ul class=\"wp-block-list\">\n<li><a href=\"https:\/\/nam06.safelinks.protection.outlook.com\/?url=https%3A%2F%2Fdevblogs.microsoft.com%2Fpix%2Fdownload%2F&amp;data=05%7C02%7Cbleblanc%40microsoft.com%7C1a862eda493b475f20df08ddeafed9c8%7C72f988bf86f141af91ab2d7cd011db47%7C1%7C0%7C638925102514062015%7CUnknown%7CTWFpbGZsb3d8eyJFbXB0eU1hcGkiOnRydWUsIlYiOiIwLjAuMDAwMCIsIlAiOiJXaW4zMiIsIkFOIjoiTWFpbCIsIldUIjoyfQ%3D%3D%7C0%7C%7C%7C&amp;sdata=8An7hDEH5EUtcoEBub1eHoO5Ltu%2Fhg8%2BA8uy2f77noQ%3D&amp;reserved=0\">PIX en Windows<\/a>\u00a0\u00a0no puede reproducir capturas de GPU en esta versi\u00f3n del sistema operativo. Esto se solucionar\u00e1 con una nueva versi\u00f3n de PIX, que se espera llegue a finales de septiembre. Mientras tanto, si te ves afectado, puedes usar el bot\u00f3n &#8220;Enviar comentarios&#8221; en PIX o contactarnos en el\u00a0\u00a0<a href=\"https:\/\/nam06.safelinks.protection.outlook.com\/?url=https%3A%2F%2Fdiscord.gg%2FBBZyTEA3MR&amp;data=05%7C02%7Cbleblanc%40microsoft.com%7C1a862eda493b475f20df08ddeafed9c8%7C72f988bf86f141af91ab2d7cd011db47%7C1%7C0%7C638925102514078972%7CUnknown%7CTWFpbGZsb3d8eyJFbXB0eU1hcGkiOnRydWUsIlYiOiIwLjAuMDAwMCIsIlAiOiJXaW4zMiIsIkFOIjoiTWFpbCIsIldUIjoyfQ%3D%3D%7C0%7C%7C%7C&amp;sdata=MaFnN5%2B%2BFRAbm%2BJLDRSuC809rmSx%2F7zazEkx%2F4HqRLI%3D&amp;reserved=0\">servidor de Discord de DirectX<\/a>\u00a0\u00a0y te ayudaremos a crear compilaciones privadas.<\/li>\n<\/ul>\n","protected":false},"excerpt":{"rendered":"<p>Hola Windows Insiders, hoy lanzamos&nbsp;Windows 11 Insider Preview&nbsp;Build 27950&nbsp;en el Canal Canary. Cambios y mejoras&#8230;<\/p>\n","protected":false},"author":1,"featured_media":6172,"comment_status":"open","ping_status":"open","sticky":false,"template":"","format":"standard","meta":{"_monsterinsights_skip_tracking":false,"_monsterinsights_sitenote_active":false,"_monsterinsights_sitenote_note":"","_monsterinsights_sitenote_category":0,"footnotes":""},"categories":[453,578],"tags":[341,205,501,204,558,525,526,523,518,509,499,516,191,548,508,426],"class_list":["post-6112","post","type-post","status-publish","format-standard","has-post-thumbnail","hentry","category-windows-11","category-windows-insiders","tag-howto","tag-microsoft","tag-microsoft-mvp","tag-mvp","tag-mvp-windows-insider","tag-rad-tech","tag-rad-tech-ar","tag-radians","tag-radians-com-ar","tag-radiansblog","tag-roberto-di-lello","tag-roberto-dl","tag-screencast","tag-w365","tag-windows-365","tag-windows-insider"],"_links":{"self":[{"href":"https:\/\/www.radians.com.ar\/blog\/index.php?rest_route=\/wp\/v2\/posts\/6112","targetHints":{"allow":["GET"]}}],"collection":[{"href":"https:\/\/www.radians.com.ar\/blog\/index.php?rest_route=\/wp\/v2\/posts"}],"about":[{"href":"https:\/\/www.radians.com.ar\/blog\/index.php?rest_route=\/wp\/v2\/types\/post"}],"author":[{"embeddable":true,"href":"https:\/\/www.radians.com.ar\/blog\/index.php?rest_route=\/wp\/v2\/users\/1"}],"replies":[{"embeddable":true,"href":"https:\/\/www.radians.com.ar\/blog\/index.php?rest_route=%2Fwp%2Fv2%2Fcomments&post=6112"}],"version-history":[{"count":2,"href":"https:\/\/www.radians.com.ar\/blog\/index.php?rest_route=\/wp\/v2\/posts\/6112\/revisions"}],"predecessor-version":[{"id":6176,"href":"https:\/\/www.radians.com.ar\/blog\/index.php?rest_route=\/wp\/v2\/posts\/6112\/revisions\/6176"}],"wp:featuredmedia":[{"embeddable":true,"href":"https:\/\/www.radians.com.ar\/blog\/index.php?rest_route=\/wp\/v2\/media\/6172"}],"wp:attachment":[{"href":"https:\/\/www.radians.com.ar\/blog\/index.php?rest_route=%2Fwp%2Fv2%2Fmedia&parent=6112"}],"wp:term":[{"taxonomy":"category","embeddable":true,"href":"https:\/\/www.radians.com.ar\/blog\/index.php?rest_route=%2Fwp%2Fv2%2Fcategories&post=6112"},{"taxonomy":"post_tag","embeddable":true,"href":"https:\/\/www.radians.com.ar\/blog\/index.php?rest_route=%2Fwp%2Fv2%2Ftags&post=6112"}],"curies":[{"name":"wp","href":"https:\/\/api.w.org\/{rel}","templated":true}]}}