{"id":602,"date":"2009-04-21T09:00:00","date_gmt":"2009-04-21T12:00:00","guid":{"rendered":"http:\/\/www.radians.com.ar\/blog\/?p=602"},"modified":"2009-04-21T09:00:00","modified_gmt":"2009-04-21T12:00:00","slug":"windows-7-rc-oficial","status":"publish","type":"post","link":"https:\/\/www.radians.com.ar\/blog\/?p=602","title":{"rendered":"Windows 7 RC Oficial"},"content":{"rendered":"<p>Esta confirmado, en el sitio de Partners de Microsoft sobre Windows 7, sali\u00f3 publicado que a versi\u00f3n RC estara disponible los primeros d\u00edas de mayo. <\/p>\n<p>No hay mucha mas informaci\u00f3n al respecto, por lo que no se sabe ni que numero de build ser\u00e1, ni que nuevas caracter\u00edsticas tendr\u00e1. Tendremos que ver con que nos sorprende Microsoft. <\/p>\n<p>La Fuente: <a href=\"https:\/\/partner.microsoft.com\/US\/productssolutions\/40084742\">https:\/\/partner.microsoft.com\/US\/productssolutions\/40084742<\/a> <\/p>\n<p>Saludos, Roberto Di Lello.<\/p>\n<p><a href=\"http:\/\/www.radians.com.ar\/Articulos\/Images\/Windows7RCOficial_879C\/5demayo.jpg\"><img loading=\"lazy\" decoding=\"async\" style=\"border-right-width: 0px; display: inline; border-top-width: 0px; border-bottom-width: 0px; border-left-width: 0px\" title=\"5demayo\" border=\"0\" alt=\"5demayo\" src=\"http:\/\/www.radians.com.ar\/Articulos\/Images\/Windows7RCOficial_879C\/5demayo_thumb.jpg\" width=\"444\" height=\"262\" \/><\/a><\/p>\n","protected":false},"excerpt":{"rendered":"<p>Esta confirmado, en el sitio de Partners de Microsoft sobre Windows 7, sali\u00f3 publicado que&#8230;<\/p>\n","protected":false},"author":1,"featured_media":4291,"comment_status":"closed","ping_status":"closed","sticky":false,"template":"","format":"standard","meta":{"_monsterinsights_skip_tracking":false,"_monsterinsights_sitenote_active":false,"_monsterinsights_sitenote_note":"","_monsterinsights_sitenote_category":0,"footnotes":""},"categories":[5,13],"tags":[],"class_list":["post-602","post","type-post","status-publish","format-standard","has-post-thumbnail","hentry","category-videos-noticias","category-vista-xp"],"_links":{"self":[{"href":"https:\/\/www.radians.com.ar\/blog\/index.php?rest_route=\/wp\/v2\/posts\/602","targetHints":{"allow":["GET"]}}],"collection":[{"href":"https:\/\/www.radians.com.ar\/blog\/index.php?rest_route=\/wp\/v2\/posts"}],"about":[{"href":"https:\/\/www.radians.com.ar\/blog\/index.php?rest_route=\/wp\/v2\/types\/post"}],"author":[{"embeddable":true,"href":"https:\/\/www.radians.com.ar\/blog\/index.php?rest_route=\/wp\/v2\/users\/1"}],"replies":[{"embeddable":true,"href":"https:\/\/www.radians.com.ar\/blog\/index.php?rest_route=%2Fwp%2Fv2%2Fcomments&post=602"}],"version-history":[{"count":0,"href":"https:\/\/www.radians.com.ar\/blog\/index.php?rest_route=\/wp\/v2\/posts\/602\/revisions"}],"wp:featuredmedia":[{"embeddable":true,"href":"https:\/\/www.radians.com.ar\/blog\/index.php?rest_route=\/wp\/v2\/media\/4291"}],"wp:attachment":[{"href":"https:\/\/www.radians.com.ar\/blog\/index.php?rest_route=%2Fwp%2Fv2%2Fmedia&parent=602"}],"wp:term":[{"taxonomy":"category","embeddable":true,"href":"https:\/\/www.radians.com.ar\/blog\/index.php?rest_route=%2Fwp%2Fv2%2Fcategories&post=602"},{"taxonomy":"post_tag","embeddable":true,"href":"https:\/\/www.radians.com.ar\/blog\/index.php?rest_route=%2Fwp%2Fv2%2Ftags&post=602"}],"curies":[{"name":"wp","href":"https:\/\/api.w.org\/{rel}","templated":true}]}}