{"id":5996,"date":"2025-03-28T09:04:34","date_gmt":"2025-03-28T12:04:34","guid":{"rendered":"https:\/\/www.radians.com.ar\/blog\/?p=5996"},"modified":"2025-04-09T09:45:27","modified_gmt":"2025-04-09T12:45:27","slug":"windows-11-insider-compilacion-26120-3653-canales-de-desarrollo-y-beta","status":"publish","type":"post","link":"https:\/\/www.radians.com.ar\/blog\/?p=5996","title":{"rendered":"Windows 11 Insider, compilaci\u00f3n 26120.3653 (canales de desarrollo y beta)"},"content":{"rendered":"\n<p>Hola, ya fue lanzado la versi\u00f3n&nbsp;<strong>Windows 11 Insider Preview&nbsp;<\/strong><strong>Build 26120.3653 (KB5053658)<\/strong>&nbsp;en el Canal Beta para Windows Insiders&nbsp;<strong>en Windows 11, versi\u00f3n 24H2<\/strong>&nbsp;.<\/p>\n\n\n\n<p>Los cambios en las compilaciones y actualizaciones del Canal Beta se documentan en dos categor\u00edas: nuevas funciones, mejoras y correcciones que se implementan gradualmente para los Insiders que han activado la opci\u00f3n para obtener las \u00faltimas actualizaciones a medida que est\u00e9n disponibles (a trav\u00e9s de Configuraci\u00f3n &gt; Windows Update*) y, posteriormente, nuevas funciones, mejoras y correcciones que se implementan para todos los usuarios del Canal Beta.&nbsp;<strong>Para obtener m\u00e1s informaci\u00f3n, consulte la secci\u00f3n &#8220;Recordatorios&#8221; al final de esta entrada del blog.<\/strong><\/p>\n\n\n\n<h2 class=\"wp-block-heading\"><strong>Nuevas funciones que se est\u00e1n implementando gradualmente en el Canal Beta con la opci\u00f3n activada*<\/strong><\/h2>\n\n\n\n<h3 class=\"wp-block-heading\"><strong>Presentamos la recuperaci\u00f3n r\u00e1pida de la m\u00e1quina<\/strong><\/h3>\n\n\n\n<p><a href=\"https:\/\/aka.ms\/qmritproblog\">La Recuperaci\u00f3n r\u00e1pida de equipos<\/a>\u00a0(QMR), parte de la\u00a0<a href=\"https:\/\/blogs.windows.com\/windowsexperience\/2024\/11\/19\/windows-security-and-resiliency-protecting-your-business\/\">Iniciativa de Resiliencia de Windows anunciada en<\/a>\u00a0Ignite 2024, ya est\u00e1 disponible en la \u00faltima versi\u00f3n de Windows Insider Preview. Esta funci\u00f3n, al estar habilitada, soluciona problemas de arranque generalizados en dispositivos con Windows 11 detectando y aplicando correcciones autom\u00e1ticamente desde el Entorno de recuperaci\u00f3n de Windows (WinRE), lo que reduce el tiempo de inactividad del sistema y la intervenci\u00f3n manual. Cuando se produce un fallo cr\u00edtico de arranque, el dispositivo accede a WinRE, se conecta a la red y env\u00eda datos de diagn\u00f3stico a Microsoft, que puede implementar soluciones espec\u00edficas a trav\u00e9s de Windows Update. Se recomienda\u00a0<a href=\"https:\/\/aka.ms\/qmrdocs\">a los administradores de TI<\/a>\u00a0que habiliten, personalicen o prueben esta funci\u00f3n, que est\u00e1 habilitada de forma predeterminada para los usuarios dom\u00e9sticos. Los usuarios de Windows Insider pueden empezar a\u00a0<a href=\"https:\/\/aka.ms\/qmrtestmode\">probarla<\/a>\u00a0hoy mismo y enviar sus comentarios a trav\u00e9s del Centro de comentarios para perfeccionarla. En la aplicaci\u00f3n del Centro de comentarios de su dispositivo Windows,\u00a0<strong>seleccione Recuperaci\u00f3n y desinstalaci\u00f3n > Recuperaci\u00f3n r\u00e1pida de equipos<\/strong>\u00a0. Est\u00e9 atento a un paquete de soluciones de prueba que llegar\u00e1 en los pr\u00f3ximos d\u00edas, lo que le permitir\u00e1 experimentar la Recuperaci\u00f3n r\u00e1pida de equipos en acci\u00f3n.<\/p>\n\n\n\n<h3 class=\"wp-block-heading\"><strong>Presentamos el resumen del discurso en el Narrador&nbsp;&nbsp;<\/strong><\/h3>\n\n\n\n<p>Trabajamos constantemente para que el Narrador sea m\u00e1s intuitivo, eficiente y \u00fatil para los usuarios que lo usan a diario. Con esto en mente, presentamos una nueva funci\u00f3n, la recapitulaci\u00f3n de voz, dise\u00f1ada para ayudarte a recordar lo que ha dicho el Narrador y acceder a ella r\u00e1pidamente. Con&nbsp;<strong>la recapitulaci\u00f3n de voz<\/strong>&nbsp;, puedes acceder r\u00e1pidamente al contenido hablado, seguir la transcripci\u00f3n en vivo y copiar lo \u00faltimo que dijo el Narrador, todo con simples atajos de teclado.<a href=\"https:\/\/translate.google.com\/website?sl=en&amp;tl=es&amp;hl=en&amp;client=webapp&amp;u=https:\/\/pub-d00f534024b04d0e8036586fc78a41fa.r2.dev\/sites\/44\/2025\/03\/Speech-Recap-1.png\"><\/a><\/p>\n\n\n\n<figure class=\"wp-block-image size-large\"><img decoding=\"async\" src=\"https:\/\/www.radians.com.ar\/Articulos\/Images2025\/20250328-1.png\" alt=\"\"\/><\/figure>\n\n\n\n<p>Puede abrir la ventana de resumen de voz con&nbsp;<strong>la tecla Narrador + Alt + X<\/strong>&nbsp;y encontrar las \u00faltimas 500 l\u00edneas que el Narrador ha pronunciado. Tenga en cuenta que el texto de esta ventana se actualiza cada vez que se inicia el Narrador. Puede usar los comandos de lectura est\u00e1ndar y las teclas de flecha para leer el contenido de la ventana de resumen de voz y copiar el texto necesario como referencia.<\/p>\n\n\n\n<p>\u00bfNecesitas guardar o compartir algo que el Narrador acaba de decir? Puedes copiarlo al instante sin abrir la ventana de resumen de voz. Usa&nbsp;<strong>la tecla Narrador + Control + X<\/strong>&nbsp;para copiar la \u00faltima frase hablada al portapapeles.<\/p>\n\n\n\n<p>Algunos escenarios en los que puedes usar la recapitulaci\u00f3n de voz y atajos relacionados incluyen hacer referencia a una sugerencia que escuchaste al abrir una nueva ventana, copiar un c\u00f3digo de error que se dijo o agregar el discurso del Narrador a los materiales de capacitaci\u00f3n.<\/p>\n\n\n\n<figure class=\"wp-block-image size-large\"><img decoding=\"async\" src=\"https:\/\/www.radians.com.ar\/Articulos\/Images2025\/20250328-2.png\" alt=\"\"\/><\/figure>\n\n\n\n<p>La transcripci\u00f3n en vivo del discurso del Narrador es \u00fatil para instructores de Tecnolog\u00eda de Asistencia (TA), docentes de estudiantes con discapacidad visual (TSVI) que brindan apoyo a estudiantes en clase y para profesionales con dificultades auditivas que desean usar el Narrador. Para ver la transcripci\u00f3n en vivo del audio del Narrador, use el mismo comando: tecla Narrador + Alt + X para abrir la ventana de resumen del discurso y ajustarla a la parte de la pantalla donde desee verla. Mientras realiza tareas, puede ver transcripciones en tiempo real del discurso del Narrador.<\/p>\n\n\n\n<p>Estos atajos de teclado siguen un patr\u00f3n simple que hace que sea f\u00e1cil aprenderlos:<\/p>\n\n\n\n<ul class=\"wp-block-list\">\n<li><strong>Control + tecla Windows + Enter<\/strong>\u00a0= Activar\/desactivar el Narrador<\/li>\n\n\n\n<li><strong>Tecla Narrador + X<\/strong>\u00a0= Volver a escuchar lo que dijo el Narrador por \u00faltima vez<\/li>\n\n\n\n<li><strong>Tecla Narrador + control + X<\/strong>\u00a0= Copiar lo que dijo el Narrador por \u00faltima vez<\/li>\n\n\n\n<li><strong>Tecla Narrador + Alt + X<\/strong>\u00a0= Abrir la ventana de resumen del discurso para el historial y las transcripciones en vivo<\/li>\n<\/ul>\n\n\n\n<p><strong>COMENTARIOS: Env\u00ede sus comentarios en el Centro de comentarios (WIN + F) en Accesibilidad &gt; Narrador.<\/strong><\/p>\n\n\n\n<h2 class=\"wp-block-heading\"><strong>Los cambios y mejoras se implementar\u00e1n gradualmente en el canal Beta con la opci\u00f3n activada*<\/strong><\/h2>\n\n\n\n<h3 class=\"wp-block-heading\"><strong>[General]<\/strong><\/h3>\n\n\n\n<ul class=\"wp-block-list\">\n<li>Estamos previsualizando una nueva interfaz de usuario m\u00e1s optimizada para reinicios inesperados, que se ajusta mejor a los principios de dise\u00f1o de Windows 11 y contribuye a nuestro objetivo de que los usuarios recuperen su productividad lo antes posible. Hemos simplificado la experiencia, conservando la informaci\u00f3n t\u00e9cnica en pantalla. Como recordatorio, para los usuarios de Windows Insider, esto aparece como una &#8220;pantalla verde&#8221;. Esta funci\u00f3n est\u00e1 empezando a implementarse para los usuarios de Windows Insider en Windows 11, versi\u00f3n 24H2 y posteriores, en los canales Beta, Dev y Canary.<\/li>\n<\/ul>\n\n\n\n<figure class=\"wp-block-image size-large\"><img decoding=\"async\" src=\"https:\/\/www.radians.com.ar\/Articulos\/Images2025\/20250328-3.png\" alt=\"\"\/><\/figure>\n\n\n\n<h3 class=\"wp-block-heading\"><strong>[Copiloto en Windows]<\/strong><\/h3>\n\n\n\n<ul class=\"wp-block-list\">\n<li>Ahora puedes iniciar Copilot en Windows con\u00a0<strong>Win + C.<\/strong>\u00a0Puedes personalizar la\u00a0<strong>tecla Copilot<\/strong>\u00a0y la experiencia\u00a0<strong>con Win + C<\/strong>\u00a0en cualquier momento con la opci\u00f3n &#8220;Personalizar la tecla Copilot en el teclado&#8221; en Configuraci\u00f3n > Personalizaci\u00f3n > Entrada de texto.<\/li>\n\n\n\n<li>Para acceder a la funci\u00f3n\u00a0<strong>de presionar para hablar<\/strong>\u00a0e iniciar una conversaci\u00f3n con Copilot en Windows, mantenga presionada la\u00a0<strong>tecla Copilot<\/strong>\u00a0durante 2 segundos. En PC sin la tecla Copilot, mantenga presionadas las teclas\u00a0<strong>Win + C<\/strong>\u00a0durante 2 segundos. Para finalizar la conversaci\u00f3n, presione la\u00a0<strong>tecla Esc<\/strong>\u00a0. Si no se habla durante varios segundos, Copilot finalizar\u00e1 la conversaci\u00f3n autom\u00e1ticamente. Cuando la conversaci\u00f3n termine, el micr\u00f3fono de la pantalla desaparecer\u00e1. Como\u00a0<a href=\"https:\/\/blogs.windows.com\/windows-insider\/2025\/03\/10\/copilot-on-windows-press-to-talk-begins-rolling-out-to-windows-insiders\/\">se anunci\u00f3 anteriormente<\/a>\u00a0, tambi\u00e9n puede mantener presionadas las\u00a0<strong>teclas Alt + Barra espaciadora<\/strong>\u00a0para hablar con Copilot en Windows. Presionar para hablar le permite interactuar con Copilot usando su voz, brindando respuestas instant\u00e1neas mientras permanece en su flujo de trabajo actual y contin\u00faa con las tareas sin interrupciones.\u00a0<strong>Presionar para hablar<\/strong>\u00a0es compatible con la \u00faltima actualizaci\u00f3n de la aplicaci\u00f3n Copilot (versi\u00f3n 1.25033.139.0 y superiores). Esta actualizaci\u00f3n est\u00e1 comenzando a implementarse en los Canales Insider a trav\u00e9s de Microsoft Store.<\/li>\n\n\n\n<li>Los desarrolladores pueden obtener el mismo disparador\u00a0<strong>para hablar<\/strong>\u00a0con las teclas de Copilot en sus aplicaciones compatibles con la tecla Copilot mediante la funci\u00f3n &#8221;\u00a0<a href=\"https:\/\/learn.microsoft.com\/windows\/apps\/develop\/windows-integration\/copilot-key-state\">Controlar cambios de estado de la tecla de hardware de Microsoft Copilot&#8221;<\/a>\u00a0. Tenga en cuenta que la aplicaci\u00f3n Copilot de Microsoft 365 para empresas no es compatible actualmente.<\/li>\n\n\n\n<li><strong>Las funciones Win + C<\/strong>\u00a0y\u00a0<strong>pulsar para hablar<\/strong>\u00a0se est\u00e1n implementando gradualmente, por lo que no todos los Insiders recibir\u00e1n la actualizaci\u00f3n de inmediato. Nos entusiasma presentar las mejoras a nuestros Insiders para garantizar que todos nuestros clientes disfruten de una excelente experiencia con Copilot en Windows.<\/li>\n<\/ul>\n\n\n\n<h3 class=\"wp-block-heading\"><strong>[Haga clic para hacerlo (Vista previa)]<\/strong><\/h3>\n\n\n\n<p><em>Click to Do est\u00e1 actualmente disponible en versi\u00f3n preliminar para Windows Insiders en Windows 11, versi\u00f3n 24H2 en los canales Dev y Beta en PC Copilot+.<\/em><\/p>\n\n\n\n<ul class=\"wp-block-list\">\n<li>En sus PC Copilot+, ahora puede acceder a Click to Do desde el men\u00fa Inicio, incluida la posibilidad de anclarlo a Inicio y a su barra de tareas.<\/li>\n<\/ul>\n\n\n\n<figure class=\"wp-block-image size-large\"><img decoding=\"async\" src=\"https:\/\/www.radians.com.ar\/Articulos\/Images2025\/20250328-4.png\" alt=\"\"\/><\/figure>\n\n\n\n<ul class=\"wp-block-list\">\n<li>Click to Do ahora permite realizar acciones de texto inteligentes en espa\u00f1ol y franc\u00e9s, adem\u00e1s de ingl\u00e9s. Seguiremos implementando compatibilidad con m\u00e1s idiomas en futuras actualizaciones. Las acciones de texto est\u00e1n disponibles actualmente en PC Copilot+ con Snapdragon y pr\u00f3ximamente estar\u00e1n disponibles para PC Copilot+ con AMD e Intel\u00ae.<\/li>\n\n\n\n<li>Click to Do incluye una acci\u00f3n de texto para crear una lista con vi\u00f1etas. Actualmente disponible en ingl\u00e9s, espa\u00f1ol y franc\u00e9s, para PC Copilot+ con procesador Snapdragon y pr\u00f3ximamente para PC Copilot+ con procesador AMD e Intel\u00ae.<\/li>\n\n\n\n<li>Ofrecemos pol\u00edticas para gestionar Click to Do en un entorno comercial.\u00a0<a href=\"https:\/\/learn.microsoft.com\/windows\/client-management\/manage-click-to-do\">Los administradores de TI pueden obtener m\u00e1s informaci\u00f3n aqu\u00ed<\/a>\u00a0.<\/li>\n<\/ul>\n\n\n\n<h3 class=\"wp-block-heading\"><strong>[Compartir en Windows]<\/strong><\/h3>\n\n\n\n<ul class=\"wp-block-list\">\n<li>Cuando comparte enlaces o contenido web mediante la ventana Compartir de Windows, ver\u00e1 una vista previa visual de ese contenido.<\/li>\n<\/ul>\n\n\n\n<figure class=\"wp-block-image size-large\"><img decoding=\"async\" src=\"https:\/\/www.radians.com.ar\/Articulos\/Images2025\/20250328-5.png\" alt=\"\"\/><\/figure>\n\n\n\n<ul class=\"wp-block-list\">\n<li>En la ventana Compartir de Windows, a\u00f1adimos la posibilidad de editar y mejorar im\u00e1genes r\u00e1pidamente al compartirlas. Esto incluye funciones de edici\u00f3n de im\u00e1genes en l\u00ednea, como recortar, rotar y aplicar filtros, as\u00ed como la posibilidad de comprimir im\u00e1genes para reducir el tama\u00f1o del archivo y facilitar su uso compartido. Esta funci\u00f3n solo funciona con im\u00e1genes locales almacenadas en su PC. Formatos de imagen compatibles: .jpg, .jpeg, .dib, .png, .tif, .tiff y .bmp.<\/li>\n<\/ul>\n\n\n\n<figure class=\"wp-block-image size-large\"><img decoding=\"async\" src=\"https:\/\/www.radians.com.ar\/Articulos\/Images2025\/20250328-6.png\" alt=\"\"\/><\/figure>\n\n\n\n<figure class=\"wp-block-image size-large\"><img decoding=\"async\" src=\"https:\/\/www.radians.com.ar\/Articulos\/Images2025\/20250328-7.png\" alt=\"\"\/><\/figure>\n\n\n\n<h3 class=\"wp-block-heading\"><strong>[Otro]<\/strong><\/h3>\n\n\n\n<ul class=\"wp-block-list\">\n<li>Eliminamos el script bypassnro.cmd de la compilaci\u00f3n para mejorar la seguridad y la experiencia del usuario de Windows 11. Este cambio garantiza que todos los usuarios salgan de la configuraci\u00f3n con conectividad a Internet y una cuenta Microsoft.<\/li>\n<\/ul>\n\n\n\n<h2 class=\"wp-block-heading\"><strong>Correcciones que se est\u00e1n implementando gradualmente en el Canal Beta con la opci\u00f3n activada*<\/strong><\/h2>\n\n\n\n<h3 class=\"wp-block-heading\"><strong>[Barra de tareas]<\/strong><\/h3>\n\n\n\n<ul class=\"wp-block-list\">\n<li>Se solucion\u00f3 un problema en el que los \u00edconos de la barra de tareas no aumentaban de tama\u00f1o como deb\u00edan al usar la PC en posici\u00f3n de tableta.<\/li>\n<\/ul>\n\n\n\n<h3 class=\"wp-block-heading\"><strong>[Explorador de archivos]<\/strong><\/h3>\n\n\n\n<ul class=\"wp-block-list\">\n<li>Se solucion\u00f3 un problema por el cual si el indexador de b\u00fasqueda se bloqueaba, esto pod\u00eda provocar que el Explorador de archivos tambi\u00e9n se bloqueara.<\/li>\n\n\n\n<li>Se solucion\u00f3 un problema por el cual la fecha de los archivos y carpetas en Inicio pod\u00eda estar inesperadamente en blanco.<\/li>\n\n\n\n<li>Se solucion\u00f3 un problema que afectaba la confiabilidad del inicio del Explorador de archivos.<\/li>\n\n\n\n<li>Se solucion\u00f3 un problema por el cual si hab\u00edas desconectado unidades de red al realizar una b\u00fasqueda desde Inicio, esto podr\u00eda impedir que las b\u00fasquedas se ejecutaran y permanecieras en Inicio.<\/li>\n\n\n\n<li>Se solucion\u00f3 un problema que causaba que el Explorador de archivos se bloqueara al mover o cambiar el nombre de ciertos archivos.<\/li>\n<\/ul>\n\n\n\n<h3 class=\"wp-block-heading\"><strong>[Ventanas]<\/strong><\/h3>\n\n\n\n<ul class=\"wp-block-list\">\n<li>Se solucion\u00f3 un error de explorer.exe relacionado con los dise\u00f1os ajustados que pod\u00eda ocurrir al arrastrar una ventana o pasar el cursor sobre el bot\u00f3n de maximizar en una ventana.<\/li>\n<\/ul>\n\n\n\n<h3 class=\"wp-block-heading\"><strong>[Actualizaci\u00f3n de Windows]<\/strong><\/h3>\n\n\n\n<ul class=\"wp-block-list\">\n<li>Se solucion\u00f3 un problema que pod\u00eda provocar que apareciera un mensaje solicit\u00e1ndole reiniciar para instalar una actualizaci\u00f3n acumulativa que ya estaba instalada.<\/li>\n\n\n\n<li>Se solucion\u00f3 un problema por el cual una actualizaci\u00f3n acumulativa instalada podr\u00eda no mostrarse inesperadamente en Configuraci\u00f3n > Actualizaci\u00f3n de Windows > Historial de actualizaciones.<\/li>\n<\/ul>\n\n\n\n<h3 class=\"wp-block-heading\"><strong>[Ajustes]<\/strong><\/h3>\n\n\n\n<ul class=\"wp-block-list\">\n<li>Se solucion\u00f3 un problema que causaba que la Configuraci\u00f3n fallara para algunos Insiders al acceder a Sistema > Energ\u00eda y bater\u00eda en las \u00faltimas versiones.<\/li>\n\n\n\n<li>Se solucion\u00f3 un problema por el cual el texto en Opciones avanzadas de c\u00e1mara en Bluetooth y dispositivos > C\u00e1maras podr\u00eda no cargarse correctamente.<\/li>\n<\/ul>\n\n\n\n<h2 class=\"wp-block-heading\"><strong>Problemas conocidos<\/strong><\/h2>\n\n\n\n<h3 class=\"wp-block-heading\"><strong>[General]<\/strong><\/h3>\n\n\n\n<ul class=\"wp-block-list\">\n<li><strong>[RECORDATORIO]<\/strong>\u00a0Al unirse a los Canales Beta en Windows 11, versi\u00f3n 24H2, se le ofrecer\u00e1\u00a0<a href=\"https:\/\/blogs.windows.com\/windows-insider\/2025\/02\/28\/announcing-windows-11-insider-preview-build-26120-3360-dev-and-beta-channels\/\">la compilaci\u00f3n 26120.3360.<\/a>\u00a0Despu\u00e9s de instalarla, se le ofrecer\u00e1 la actualizaci\u00f3n m\u00e1s reciente disponible. Esta experiencia de dos pasos para acceder a la \u00faltima versi\u00f3n basada en 24H2 en el Canal Beta es solo temporal.<\/li>\n\n\n\n<li>Despu\u00e9s de reiniciar tu PC en Configuraci\u00f3n > Sistema > Recuperaci\u00f3n, es posible que tu versi\u00f3n de compilaci\u00f3n aparezca incorrectamente como Compilaci\u00f3n 26100 en lugar de Compilaci\u00f3n 26120. Esto no impedir\u00e1 que recibas futuras actualizaciones del Canal Beta que resolver\u00e1n este problema.<\/li>\n<\/ul>\n\n\n\n<h3 class=\"wp-block-heading\"><strong>[Recordatorio (Vista previa)]<\/strong><\/h3>\n\n\n\n<ul class=\"wp-block-list\">\n<li><strong>[RECORDATORIO]<\/strong>\u00a0Aseg\u00farate de actualizar las aplicaciones de Microsoft 365 a la \u00faltima versi\u00f3n para poder volver a acceder a documentos espec\u00edficos.<\/li>\n<\/ul>\n\n\n\n<p><strong>Los siguientes problemas conocidos se solucionar\u00e1n en futuras actualizaciones de Windows Insiders:<\/strong><\/p>\n\n\n\n<ul class=\"wp-block-list\">\n<li>Algunos Insiders podr\u00edan experimentar un problema por el cual Recall no puede guardar las instant\u00e1neas autom\u00e1ticamente y la opci\u00f3n no se puede activar en Ajustes. Estamos trabajando para solucionar este problema.<\/li>\n\n\n\n<li>La recuperaci\u00f3n se puede activar o desactivar desde &#8220;Activar o desactivar las caracter\u00edsticas de Windows&#8221;. Estamos almacenando en cach\u00e9 los binarios de recuperaci\u00f3n en el disco mientras probamos la adici\u00f3n o eliminaci\u00f3n de archivos. En una pr\u00f3xima actualizaci\u00f3n, los eliminaremos por completo.<\/li>\n<\/ul>\n\n\n\n<h3 class=\"wp-block-heading\"><strong>[Haga clic para hacerlo (Vista previa)]<\/strong><\/h3>\n\n\n\n<ul class=\"wp-block-list\">\n<li><strong>[RECORDATORIO]<\/strong>\u00a0Las acciones de texto inteligentes ahora se moderan localmente para garantizar la seguridad de las indicaciones y respuestas, y han reemplazado el punto final en la nube. Ahora que estas acciones de texto inteligentes son totalmente locales, tambi\u00e9n est\u00e1n disponibles en Click to Do en Recall.<\/li>\n\n\n\n<li><strong>[RECORDATORIO]<\/strong>\u00a0Si alguna de sus acciones en las entidades de imagen ya no aparece, aseg\u00farese de tener las \u00faltimas actualizaciones de la aplicaci\u00f3n Fotos y Paint de Microsoft Store.<\/li>\n<\/ul>\n\n\n\n<p><strong>Los siguientes problemas conocidos se solucionar\u00e1n en futuras actualizaciones de Windows Insiders:<\/strong><\/p>\n\n\n\n<ul class=\"wp-block-list\">\n<li>A veces se proporciona contexto adicional cuando se utilizan acciones de texto m\u00e1s inteligentes impulsadas por Phi Silica.<\/li>\n<\/ul>\n\n\n\n<h3 class=\"wp-block-heading\"><strong>[B\u00fasqueda de Windows mejorada]<\/strong><\/h3>\n\n\n\n<ul class=\"wp-block-list\">\n<li><strong>[RECORDATORIO]<\/strong>\u00a0Para mejorar la b\u00fasqueda de Windows en PC con Copilot+, se recomienda conectar su PC con Copilot+ para que se complete la indexaci\u00f3n inicial. Puede comprobar el estado de la indexaci\u00f3n en Configuraci\u00f3n > Privacidad y seguridad > B\u00fasqueda en Windows.<\/li>\n<\/ul>\n\n\n\n<h3 class=\"wp-block-heading\"><strong>[Explorador de archivos]<\/strong><\/h3>\n\n\n\n<ul class=\"wp-block-list\">\n<li>Estamos trabajando en la soluci\u00f3n de un problema que provocaba el bloqueo de la p\u00e1gina principal del Explorador de archivos para algunos usuarios Insider. Si abres el Explorador de archivos en una carpeta diferente (por ejemplo, usando la b\u00fasqueda o el cuadro de di\u00e1logo Ejecutar), deber\u00edas poder navegar por tus carpetas.<\/li>\n<\/ul>\n\n\n\n<h3 class=\"wp-block-heading\"><strong>[Administrador de tareas]<\/strong><\/h3>\n\n\n\n<ul class=\"wp-block-list\">\n<li>Despu\u00e9s de agregar la nueva columna Utilidad de CPU, es posible que observe que el Proceso inactivo del sistema siempre se muestra como 0.<\/li>\n\n\n\n<li>Los gr\u00e1ficos de CPU en la p\u00e1gina Rendimiento todav\u00eda utilizan los antiguos c\u00e1lculos de utilidad de CPU.<\/li>\n<\/ul>\n\n\n\n<h3 class=\"wp-block-heading\"><strong>[Widgets]<\/strong><\/h3>\n\n\n\n<ul class=\"wp-block-list\">\n<li><strong>[NUEVO]<\/strong>\u00a0Los usuarios de Windows Insider en el Espacio Econ\u00f3mico Europeo (EEE) con\u00a0<a href=\"https:\/\/blogs.windows.com\/windows-insider\/2025\/02\/28\/announcing-windows-11-insider-preview-build-26120-3360-dev-and-beta-channels\/\">la nueva experiencia de widgets de pantalla de bloqueo<\/a>\u00a0pueden ver que el widget del clima no est\u00e1 disponible temporalmente.<\/li>\n<\/ul>\n","protected":false},"excerpt":{"rendered":"<p>Hola, ya fue lanzado la versi\u00f3n&nbsp;Windows 11 Insider Preview&nbsp;Build 26120.3653 (KB5053658)&nbsp;en el Canal Beta para&#8230;<\/p>\n","protected":false},"author":1,"featured_media":5179,"comment_status":"open","ping_status":"open","sticky":false,"template":"","format":"standard","meta":{"_monsterinsights_skip_tracking":false,"_monsterinsights_sitenote_active":false,"_monsterinsights_sitenote_note":"","_monsterinsights_sitenote_category":0,"footnotes":""},"categories":[453],"tags":[341,205,501,204,518,499,516,301,500,454,426],"class_list":["post-5996","post","type-post","status-publish","format-standard","has-post-thumbnail","hentry","category-windows-11","tag-howto","tag-microsoft","tag-microsoft-mvp","tag-mvp","tag-radians-com-ar","tag-roberto-di-lello","tag-roberto-dl","tag-tools","tag-wimvp","tag-windows-11","tag-windows-insider"],"_links":{"self":[{"href":"https:\/\/www.radians.com.ar\/blog\/index.php?rest_route=\/wp\/v2\/posts\/5996","targetHints":{"allow":["GET"]}}],"collection":[{"href":"https:\/\/www.radians.com.ar\/blog\/index.php?rest_route=\/wp\/v2\/posts"}],"about":[{"href":"https:\/\/www.radians.com.ar\/blog\/index.php?rest_route=\/wp\/v2\/types\/post"}],"author":[{"embeddable":true,"href":"https:\/\/www.radians.com.ar\/blog\/index.php?rest_route=\/wp\/v2\/users\/1"}],"replies":[{"embeddable":true,"href":"https:\/\/www.radians.com.ar\/blog\/index.php?rest_route=%2Fwp%2Fv2%2Fcomments&post=5996"}],"version-history":[{"count":1,"href":"https:\/\/www.radians.com.ar\/blog\/index.php?rest_route=\/wp\/v2\/posts\/5996\/revisions"}],"predecessor-version":[{"id":6000,"href":"https:\/\/www.radians.com.ar\/blog\/index.php?rest_route=\/wp\/v2\/posts\/5996\/revisions\/6000"}],"wp:featuredmedia":[{"embeddable":true,"href":"https:\/\/www.radians.com.ar\/blog\/index.php?rest_route=\/wp\/v2\/media\/5179"}],"wp:attachment":[{"href":"https:\/\/www.radians.com.ar\/blog\/index.php?rest_route=%2Fwp%2Fv2%2Fmedia&parent=5996"}],"wp:term":[{"taxonomy":"category","embeddable":true,"href":"https:\/\/www.radians.com.ar\/blog\/index.php?rest_route=%2Fwp%2Fv2%2Fcategories&post=5996"},{"taxonomy":"post_tag","embeddable":true,"href":"https:\/\/www.radians.com.ar\/blog\/index.php?rest_route=%2Fwp%2Fv2%2Ftags&post=5996"}],"curies":[{"name":"wp","href":"https:\/\/api.w.org\/{rel}","templated":true}]}}