{"id":5543,"date":"2024-04-26T14:48:14","date_gmt":"2024-04-26T17:48:14","guid":{"rendered":"https:\/\/www.radians.com.ar\/blog\/?p=5543"},"modified":"2024-05-03T15:09:02","modified_gmt":"2024-05-03T18:09:02","slug":"microsoft-mejora-la-busqueda-interna-de-aplicaciones-en-windows-10","status":"publish","type":"post","link":"https:\/\/www.radians.com.ar\/blog\/?p=5543","title":{"rendered":"Microsoft mejora la b\u00fasqueda interna de aplicaciones en Windows 10"},"content":{"rendered":"\n<p>Todas las mejoras que se han incluido en la \u00faltima actualizaci\u00f3n para Windows 10, y que deber\u00edas descargarte porque hay alguna que otra sorpresa inesperada.<\/p>\n\n\n\n<p>Solo queda un a\u00f1o y medio\u00a0para que Windows 10 deje de recibir soporte oficial\u00a0por parte de Microsoft, y con ello, los usuarios en una carrera contrarreloj para actualizar todos sus equipos.<\/p>\n\n\n\n<p>A pesar de esto, Microsoft sigue lanzando actualizaciones para\u00a0Windows 10, y algunas con mejoras tan interesantes como la que acaba de suceder y que llevaba pidiendo la comunidad de usuarios desde hace bastante tiempo.<\/p>\n\n\n\n<p>Si eres de aquellos que han estado sufriendo con el tema de la b\u00fasqueda interna en Windows 10, la&nbsp;<a href=\"https:\/\/support.microsoft.com\/en-us\/topic\/april-23-2024-kb5036979-os-build-19045-4355-preview-b99f7f72-e1bc-4d66-b7b4-fe2c5c9661df\" target=\"_blank\" rel=\"noreferrer noopener\">\u00faltima actualizaci\u00f3n opcional<\/a>&nbsp;para el sistema operativo, resuelve este problema de un plumazo.<\/p>\n\n\n\n<p>Microsoft se\u00f1ala que esta actualizaci\u00f3n \u201crealiza algunos cambios en la b\u00fasqueda de Windows\u201d. A\u00f1aden que ahora \u201ces m\u00e1s confiable y es m\u00e1s f\u00e1cil encontrar una aplicaci\u00f3n despu\u00e9s de instalarla\u201d.<\/p>\n\n\n\n<p>Adem\u00e1s, afirman que esta actualizaci\u00f3n tambi\u00e9n \u201cbrinda una experiencia de b\u00fasqueda de aplicaciones personalizada\u201d.<\/p>\n\n\n\n<p>Anteriormente los usuarios se hab\u00edan quejado de que la b\u00fasqueda interna de Windows 10 no era precisamente un portento de precisi\u00f3n, a lo que hab\u00eda que unir los tiempos de carga algo lentos.<\/p>\n\n\n\n<p>Es decir, si buscabas por ejemplo una aplicaci\u00f3n que te hab\u00edas descargado hace poco en Windows 10, o no la encontraba o tardaba tiempo en localizarla.<\/p>\n\n\n\n<h2 class=\"wp-block-heading\">Otras mejores que llegan a Windows 10<\/h2>\n\n\n\n<p>Adem\u00e1s de la mejora en la b\u00fasqueda interna en Windows 10, esta actualizaci\u00f3n tambi\u00e9n soluciona problemas reportados anteriormente<strong>&nbsp;como el tema de las conexiones de dispositivos Bluetooth que no pod\u00edan emparejarse con el ordenador<\/strong>.<\/p>\n\n\n\n<p>Otra mejora es que los&nbsp;<strong>widgets reci\u00e9n introducidos en la pantalla de bloqueo ahora tambi\u00e9n obtienen una mejora de calidad<\/strong>, potenciando su apariencia visual.<\/p>\n\n\n\n<p>Se trata de una actualizaci\u00f3n opcional, con un tama\u00f1o bastante peque\u00f1o respecto a las tradicionales.<\/p>\n\n\n\n<p>Los de Redmond van a apostar a partir de ahora, en reducir el tama\u00f1o de las actualizaciones de\u00a0Windows, lo que ayudar\u00e1 a los usuarios a descargar e instalar actualizaciones de forma r\u00e1pida.<\/p>\n","protected":false},"excerpt":{"rendered":"<p>Todas las mejoras que se han incluido en la \u00faltima actualizaci\u00f3n para Windows 10, y&#8230;<\/p>\n","protected":false},"author":1,"featured_media":5070,"comment_status":"open","ping_status":"open","sticky":false,"template":"","format":"standard","meta":{"_monsterinsights_skip_tracking":false,"_monsterinsights_sitenote_active":false,"_monsterinsights_sitenote_note":"","_monsterinsights_sitenote_category":0,"footnotes":""},"categories":[453],"tags":[205,501,524,525,526,523,518,509,499,516,454,508,426,479],"class_list":["post-5543","post","type-post","status-publish","format-standard","has-post-thumbnail","hentry","category-windows-11","tag-microsoft","tag-microsoft-mvp","tag-mvp-windows-365","tag-rad-tech","tag-rad-tech-ar","tag-radians","tag-radians-com-ar","tag-radiansblog","tag-roberto-di-lello","tag-roberto-dl","tag-windows-11","tag-windows-365","tag-windows-insider","tag-windows-server"],"_links":{"self":[{"href":"https:\/\/www.radians.com.ar\/blog\/index.php?rest_route=\/wp\/v2\/posts\/5543","targetHints":{"allow":["GET"]}}],"collection":[{"href":"https:\/\/www.radians.com.ar\/blog\/index.php?rest_route=\/wp\/v2\/posts"}],"about":[{"href":"https:\/\/www.radians.com.ar\/blog\/index.php?rest_route=\/wp\/v2\/types\/post"}],"author":[{"embeddable":true,"href":"https:\/\/www.radians.com.ar\/blog\/index.php?rest_route=\/wp\/v2\/users\/1"}],"replies":[{"embeddable":true,"href":"https:\/\/www.radians.com.ar\/blog\/index.php?rest_route=%2Fwp%2Fv2%2Fcomments&post=5543"}],"version-history":[{"count":1,"href":"https:\/\/www.radians.com.ar\/blog\/index.php?rest_route=\/wp\/v2\/posts\/5543\/revisions"}],"predecessor-version":[{"id":5559,"href":"https:\/\/www.radians.com.ar\/blog\/index.php?rest_route=\/wp\/v2\/posts\/5543\/revisions\/5559"}],"wp:featuredmedia":[{"embeddable":true,"href":"https:\/\/www.radians.com.ar\/blog\/index.php?rest_route=\/wp\/v2\/media\/5070"}],"wp:attachment":[{"href":"https:\/\/www.radians.com.ar\/blog\/index.php?rest_route=%2Fwp%2Fv2%2Fmedia&parent=5543"}],"wp:term":[{"taxonomy":"category","embeddable":true,"href":"https:\/\/www.radians.com.ar\/blog\/index.php?rest_route=%2Fwp%2Fv2%2Fcategories&post=5543"},{"taxonomy":"post_tag","embeddable":true,"href":"https:\/\/www.radians.com.ar\/blog\/index.php?rest_route=%2Fwp%2Fv2%2Ftags&post=5543"}],"curies":[{"name":"wp","href":"https:\/\/api.w.org\/{rel}","templated":true}]}}