{"id":5257,"date":"2022-12-28T15:22:00","date_gmt":"2022-12-28T18:22:00","guid":{"rendered":"https:\/\/www.radians.com.ar\/blog\/?p=5257"},"modified":"2023-03-02T15:28:17","modified_gmt":"2023-03-02T18:28:17","slug":"windows-11-insider-preview-build-25262","status":"publish","type":"post","link":"https:\/\/www.radians.com.ar\/blog\/?p=5257","title":{"rendered":"Windows 11 Insider Preview Build 25262"},"content":{"rendered":"\n<p>Hola Windows Insiders, hoy lanzamos\u00a0<strong>Windows 11 Insider Preview Build 25262<\/strong>\u00a0para Dev Channel.<\/p>\n\n\n\n<ul class=\"wp-block-list\">\n<li><strong>Bug Bash de diciembre de 2022:<\/strong>&nbsp;los expertos en los canales Dev y Beta habr\u00e1n visto misiones iluminadas en el Centro de comentarios que cubren varios escenarios sobre los que estamos buscando comentarios.&nbsp;\u00a1Aproveche la oportunidad de probar algunas caracter\u00edsticas nuevas y h\u00e1ganos saber c\u00f3mo van las cosas!&nbsp;Bug Bash se llevar\u00e1 a cabo desde ahora hasta las 11:59 p. m. PST del 12 de diciembre.&nbsp;Los miembros internos que participen (enviando comentarios o completando misiones sobre las \u00faltimas compilaciones de su canal) recibir\u00e1n una insignia en el centro de comentarios una vez que finalice Bug Bash.<\/li>\n\n\n\n<li>Esta compilaci\u00f3n tiene un cambio para Widgets y un buen conjunto de correcciones de errores para Insiders.<\/li>\n\n\n\n<li>Hemos lanzado una actualizaci\u00f3n de Media Player con una peque\u00f1a mejora para las carpetas de video.<\/li>\n\n\n\n<li>\u00a1Puede ver nuestro \u00faltimo webcast de Windows Insider con el equipo de b\u00fasqueda\u00a0<a href=\"https:\/\/youtu.be\/HeeYmEBOUf0\">bajo demanda aqu\u00ed<\/a>\u00a0!<\/li>\n\n\n\n<li>RECORDATORIO: Comenzamos a implementar la grabaci\u00f3n de pantalla en Snipping Tool para Windows Insiders en Dev Channel;\u00a0<a href=\"https:\/\/blogs.windows.com\/windows-insider\/2022\/12\/08\/screen-recording-in-snipping-tool-begins-rolling-out-to-windows-insiders\/?_x_tr_sl=en&amp;_x_tr_tl=es&amp;_x_tr_hl=en&amp;_x_tr_pto=wapp\">consulte esta publicaci\u00f3n de blog para obtener todos los detalles<\/a>\u00a0.<\/li>\n<\/ul>\n\n\n\n<h2 class=\"wp-block-heading\"><strong>Cambios y Mejoras<\/strong><\/h2>\n\n\n\n<h3 class=\"wp-block-heading\"><strong>[Aparatos]<\/strong><\/h3>\n\n\n\n<ul class=\"wp-block-list\">\n<li>En la actualizaci\u00f3n m\u00e1s reciente de Widgets, eliminamos el requisito de inicio de sesi\u00f3n para el panel de widgets y lo ponemos a disposici\u00f3n de todos los usuarios.&nbsp;Ahora, ahora puede obtener actualizaciones meteorol\u00f3gicas en la barra de tareas, anclar widgets de sus aplicaciones favoritas o acceder a fuentes din\u00e1micas personalizadas sin una cuenta.<\/li>\n<\/ul>\n\n\n\n<figure class=\"wp-block-image size-large\"><img decoding=\"async\" src=\"https:\/\/www.radians.com.ar\/Articulos\/Images2022\/20221228-1.png\" alt=\"\"\/><\/figure>\n\n\n\n<h3 class=\"wp-block-heading\"><strong>[Ajustes]<\/strong><\/h3>\n\n\n\n<ul class=\"wp-block-list\">\n<li>Se agreg\u00f3 un enlace\u00a0<a href=\"https:\/\/support.microsoft.com\/windows\/solve-pc-problems-over-a-remote-connection-b077e31a-16f4-2529-1a47-21f6a9040bf3\">a Asistencia r\u00e1pida<\/a>\u00a0en la parte inferior de Configuraci\u00f3n > Sistema > Solucionador de problemas, para ayudarlo si tiene problemas con su PC.<\/li>\n<\/ul>\n\n\n\n<h2 class=\"wp-block-heading\"><strong>Arreglos<\/strong><\/h2>\n\n\n\n<h3 class=\"wp-block-heading\"><strong>[General]<\/strong><\/h3>\n\n\n\n<ul class=\"wp-block-list\">\n<li>Se solucion\u00f3 un problema por el cual, si faltaba el paquete de la aplicaci\u00f3n Widgets en su PC, explorer.exe fallaba en un bucle despu\u00e9s de actualizar a la compilaci\u00f3n 25252. Tambi\u00e9n se cree que este problema es la causa de que Windows Sandbox no funcione en esta compilaci\u00f3n.<\/li>\n\n\n\n<li>Se solucion\u00f3 un problema que causaba que las unidades secundarias u otros dispositivos PCI no fueran visibles para ciertos Insiders.<\/li>\n<\/ul>\n\n\n\n<h3 class=\"wp-block-heading\"><strong>[Barra de tareas y bandeja del sistema]<\/strong><\/h3>\n\n\n\n<ul class=\"wp-block-list\">\n<li>Se solucion\u00f3 un problema por el cual, con las actualizaciones del dise\u00f1o de la bandeja del sistema, la ocultaci\u00f3n autom\u00e1tica de la barra de tareas dejar\u00eda de funcionar despu\u00e9s de haber interactuado con los \u00edconos flotantes ocultos.<\/li>\n\n\n\n<li>Se solucion\u00f3 un problema que causaba una brecha entre las ventanas de pantalla completa y la barra de tareas en los monitores secundarios.<\/li>\n\n\n\n<li>El \u00e1rea de la bandeja del sistema ya no deber\u00eda moverse a medida que cambian los n\u00fameros en el reloj.<\/li>\n\n\n\n<li>Se solucion\u00f3 un problema que causaba que a veces faltara la mitad superior de los controles de medios en la Configuraci\u00f3n r\u00e1pida.<\/li>\n<\/ul>\n\n\n\n<h3 class=\"wp-block-heading\"><strong>[Buscar en la barra de tareas]<\/strong><\/h3>\n\n\n\n<ul class=\"wp-block-list\">\n<li>Solucionamos el problema en el que necesitabas presionar la tecla de retroceso despu\u00e9s de escribir antes de ver los resultados de ciertos archivos que terminan en .cmd, .exe o .bat.<\/li>\n\n\n\n<li>Se mejor\u00f3 el rendimiento de iniciar la ventana de b\u00fasqueda en ciertos casos.<\/li>\n<\/ul>\n\n\n\n<p><em>Las correcciones solo se aplican a los usuarios de Windows Insider que recibieron uno de los diferentes tratamientos sobre c\u00f3mo se ve la b\u00fasqueda en la barra de tareas que comenz\u00f3 a implementarse para los usuarios de Insider con la\u00a0<\/em><a href=\"https:\/\/blogs.windows.com\/windows-insider\/2022\/11\/28\/announcing-windows-11-insider-preview-build-25252\"><em>compilaci\u00f3n 25252:<\/em><\/a><\/p>\n\n\n\n<ul class=\"wp-block-list\">\n<li>Se solucion\u00f3 un problema por el cual el cuadro de b\u00fasqueda no aparec\u00eda en varios monitores como se esperaba al hacer clic en cualquiera de ellos.<\/li>\n\n\n\n<li>Se solucion\u00f3 un problema al hacer clic en el cuadro de b\u00fasqueda en la barra de tareas, el cuadro de b\u00fasqueda parpadeaba moment\u00e1neamente antes de que se mostrara el men\u00fa desplegable Buscar.<\/li>\n<\/ul>\n\n\n\n<h3 class=\"wp-block-heading\"><strong>[Aporte]<\/strong><\/h3>\n\n\n\n<ul class=\"wp-block-list\">\n<li>Se solucion\u00f3 un problema por el cual, al arrastrar una ventana a un monitor con DPI m\u00e1s bajo, el mouse pod\u00eda parecer que saltaba lejos de la ventana que estaba sosteniendo.<\/li>\n<\/ul>\n\n\n\n<h3 class=\"wp-block-heading\"><strong>[Explorador de archivos]<\/strong><\/h3>\n\n\n\n<ul class=\"wp-block-list\">\n<li>Se solucion\u00f3 un problema que causaba que explorer.exe se bloqueara al abrir ciertos elementos de la secci\u00f3n Recientes en el Explorador de archivos.<\/li>\n<\/ul>\n\n\n\n<h3 class=\"wp-block-heading\"><strong>[Ajustes]<\/strong><\/h3>\n\n\n\n<ul class=\"wp-block-list\">\n<li>La secci\u00f3n de Wi-Fi de la Configuraci\u00f3n r\u00e1pida ya no deber\u00eda decir, inesperadamente, el lugar de la red en ciertas entradas.<\/li>\n<\/ul>\n\n\n\n<h3 class=\"wp-block-heading\"><strong>[Administrador de tareas]<\/strong><\/h3>\n\n\n\n<ul class=\"wp-block-list\">\n<li>Se solucion\u00f3 un problema por el cual los gr\u00e1ficos en la p\u00e1gina de rendimiento en el Administrador de tareas podr\u00edan no actualizarse (aunque la configuraci\u00f3n de velocidad de actualizaci\u00f3n en tiempo real no se detuvo).<\/li>\n<\/ul>\n\n\n\n<h3 class=\"wp-block-heading\"><strong>[Otro]<\/strong><\/h3>\n\n\n\n<ul class=\"wp-block-list\">\n<li>La ventana de inicio de sesi\u00f3n de la cuenta de Microsoft ya no deber\u00eda mostrar inesperadamente una barra de t\u00edtulo negra cuando se usa el modo claro.<\/li>\n\n\n\n<li>Se ajust\u00f3 el texto al usar la funci\u00f3n de pantalla inal\u00e1mbrica si a\u00fan no ha habilitado la entrada, por lo que lo gu\u00eda al lugar correcto para hacerlo.<\/li>\n<\/ul>\n\n\n\n<p><em>NOTA: Algunas correcciones que se indican aqu\u00ed en las compilaciones de Insider Preview del canal Dev pueden llegar a las actualizaciones de servicio para la versi\u00f3n lanzada de Windows 11.<\/em><\/p>\n\n\n\n<h2 class=\"wp-block-heading\"><strong>Problemas conocidos<\/strong><\/h2>\n\n\n\n<h3 class=\"wp-block-heading\"><strong>[General]<\/strong><\/h3>\n\n\n\n<ul class=\"wp-block-list\">\n<li>En funci\u00f3n de las tasas de comentarios entrantes con las \u00faltimas actualizaciones, estamos eliminando los problemas de audio de la lista de problemas conocidos.\u00a0Continuaremos monitoreando los comentarios en este espacio; si tiene problemas,\u00a0<a href=\"https:\/\/learn.microsoft.com\/en-us\/windows-insider\/feedback-categories%23audio-and-sound\">siga estos pasos para presentar comentarios procesables para problemas de audio<\/a>\u00a0.<\/li>\n\n\n\n<li>Estamos investigando informes de fallas con algunas aplicaciones y juegos diferentes en compilaciones recientes.<\/li>\n\n\n\n<li>Estamos trabajando en la soluci\u00f3n de un problema que hace que varios elementos de la interfaz de usuario en las aplicaciones desaparezcan y reaparezcan a veces en compilaciones recientes.<\/li>\n\n\n\n<li>Es posible que tenga problemas para transmitir (con WIN + K) en esta compilaci\u00f3n.&nbsp;Estamos trabajando en una soluci\u00f3n.<\/li>\n<\/ul>\n\n\n\n<h3 class=\"wp-block-heading\"><strong>[Barra de tareas y bandeja del sistema]<\/strong><\/h3>\n\n\n\n<ul class=\"wp-block-list\">\n<li>La barra de tareas a veces se recorta a la mitad cuando se usa la barra de tareas optimizada para tabletas.&nbsp;Tambi\u00e9n puede ver este problema en monitores secundarios.<\/li>\n\n\n\n<li>Estamos trabajando en la soluci\u00f3n de un problema que hace que la secci\u00f3n de Bluetooth de la Configuraci\u00f3n r\u00e1pida se bloquee para algunas personas.&nbsp;Si se ve afectado, use Configuraci\u00f3n&gt; Bluetooth y dispositivos por el momento.<\/li>\n<\/ul>\n\n\n\n<h3 class=\"wp-block-heading\"><strong>[Buscar en la barra de tareas]<\/strong><\/h3>\n\n\n\n<p><em>Los siguientes problemas conocidos solo se aplican a Windows Insiders que recibieron uno de los diferentes tratamientos sobre c\u00f3mo se ve la b\u00fasqueda en la barra de tareas como se mencion\u00f3 anteriormente en esta publicaci\u00f3n de blog:<\/em><\/p>\n\n\n\n<ul class=\"wp-block-list\">\n<li><strong>[NUEVO]<\/strong>&nbsp;Es posible que vea problemas con el cuadro de b\u00fasqueda en la barra de tareas que no se procesa correctamente y muestra artefactos visuales.<\/li>\n\n\n\n<li>Cuando cambia su monitor principal, por ejemplo, conectando una pantalla externa, ver\u00e1 un cuadro de b\u00fasqueda que parece estar flotando en el escritorio.&nbsp;Puede solucionar este problema yendo a Personalizaci\u00f3n&gt; Barra de tareas&gt; Buscar y alternando la configuraci\u00f3n.<\/li>\n\n\n\n<li>En los idiomas que se muestran de derecha a izquierda, como el \u00e1rabe, hay problemas de dise\u00f1o con el texto en el cuadro de b\u00fasqueda de la barra de tareas.<\/li>\n\n\n\n<li>Algunos elementos candidatos a IME en japon\u00e9s se recortan dentro del cuadro de b\u00fasqueda en la barra de tareas.<\/li>\n<\/ul>\n\n\n\n<h3 class=\"wp-block-heading\"><strong>[Administrador de tareas]<\/strong><\/h3>\n\n\n\n<ul class=\"wp-block-list\">\n<li>El filtrado por nombre de editor no coincide correctamente en la p\u00e1gina Procesos.<\/li>\n\n\n\n<li>Es posible que algunos servicios no se muestren en la p\u00e1gina Servicios despu\u00e9s de aplicar el filtrado.<\/li>\n\n\n\n<li>Si se inicia un nuevo proceso mientras se establece un filtro, ese proceso puede aparecer durante una fracci\u00f3n de segundo en la lista filtrada.<\/li>\n\n\n\n<li>Es posible que algunos cuadros de di\u00e1logo no se muestren con el tema correcto cuando se aplican desde la p\u00e1gina Configuraci\u00f3n del Administrador de tareas.<\/li>\n\n\n\n<li>El \u00e1rea de contenido de datos de la p\u00e1gina Procesos puede parpadear una vez cuando se aplican cambios de tema en la p\u00e1gina Configuraci\u00f3n del Administrador de tareas.<\/li>\n\n\n\n<li>Hay un problema que estamos investigando en el que el Administrador de tareas no muestra correctamente el contenido claro y oscuro, lo que genera texto ilegible.&nbsp;Esto sucede cuando tiene su modo en Configuraci\u00f3n&gt; Personalizaci\u00f3n&gt; Colores configurado en Personalizado; como soluci\u00f3n por el momento, c\u00e1mbielo a Claro u Oscuro.<\/li>\n\n\n\n<li>La p\u00e1gina de aplicaciones de inicio en el Administrador de tareas no muestra ninguna aplicaci\u00f3n para algunos Insiders.&nbsp;Si se ve afectado, use Configuraci\u00f3n&gt; Aplicaciones&gt; Inicio por el momento.<\/li>\n<\/ul>\n\n\n\n<h3 class=\"wp-block-heading\"><strong>[Aparatos]<\/strong><\/h3>\n\n\n\n<ul class=\"wp-block-list\">\n<li>[&nbsp;<strong>NUEVO<\/strong>&nbsp;] Estamos investigando un problema en el que el tablero de widgets se queda abierto en un estado invisible para Insiders en China (y potencialmente para otros), lo que hace que los clics en el lado izquierdo de la pantalla no funcionen.&nbsp;Si encuentra esto, presionar WIN + D puede resolver el problema.<\/li>\n\n\n\n<li>En los idiomas que se muestran de derecha a izquierda, como el \u00e1rabe, el contenido se oculta fuera de la vista antes de que el tablero de widgets cambie de tama\u00f1o al hacer clic en la vista ampliada del tablero de widgets.<\/li>\n<\/ul>\n","protected":false},"excerpt":{"rendered":"<p>Hola Windows Insiders, hoy lanzamos\u00a0Windows 11 Insider Preview Build 25262\u00a0para Dev Channel. Cambios y Mejoras&#8230;<\/p>\n","protected":false},"author":1,"featured_media":5179,"comment_status":"open","ping_status":"open","sticky":false,"template":"","format":"standard","meta":{"_monsterinsights_skip_tracking":false,"_monsterinsights_sitenote_active":false,"_monsterinsights_sitenote_note":"","_monsterinsights_sitenote_category":0,"footnotes":""},"categories":[453],"tags":[501,499,500,454,426],"class_list":["post-5257","post","type-post","status-publish","format-standard","has-post-thumbnail","hentry","category-windows-11","tag-microsoft-mvp","tag-roberto-di-lello","tag-wimvp","tag-windows-11","tag-windows-insider"],"_links":{"self":[{"href":"https:\/\/www.radians.com.ar\/blog\/index.php?rest_route=\/wp\/v2\/posts\/5257","targetHints":{"allow":["GET"]}}],"collection":[{"href":"https:\/\/www.radians.com.ar\/blog\/index.php?rest_route=\/wp\/v2\/posts"}],"about":[{"href":"https:\/\/www.radians.com.ar\/blog\/index.php?rest_route=\/wp\/v2\/types\/post"}],"author":[{"embeddable":true,"href":"https:\/\/www.radians.com.ar\/blog\/index.php?rest_route=\/wp\/v2\/users\/1"}],"replies":[{"embeddable":true,"href":"https:\/\/www.radians.com.ar\/blog\/index.php?rest_route=%2Fwp%2Fv2%2Fcomments&post=5257"}],"version-history":[{"count":1,"href":"https:\/\/www.radians.com.ar\/blog\/index.php?rest_route=\/wp\/v2\/posts\/5257\/revisions"}],"predecessor-version":[{"id":5258,"href":"https:\/\/www.radians.com.ar\/blog\/index.php?rest_route=\/wp\/v2\/posts\/5257\/revisions\/5258"}],"wp:featuredmedia":[{"embeddable":true,"href":"https:\/\/www.radians.com.ar\/blog\/index.php?rest_route=\/wp\/v2\/media\/5179"}],"wp:attachment":[{"href":"https:\/\/www.radians.com.ar\/blog\/index.php?rest_route=%2Fwp%2Fv2%2Fmedia&parent=5257"}],"wp:term":[{"taxonomy":"category","embeddable":true,"href":"https:\/\/www.radians.com.ar\/blog\/index.php?rest_route=%2Fwp%2Fv2%2Fcategories&post=5257"},{"taxonomy":"post_tag","embeddable":true,"href":"https:\/\/www.radians.com.ar\/blog\/index.php?rest_route=%2Fwp%2Fv2%2Ftags&post=5257"}],"curies":[{"name":"wp","href":"https:\/\/api.w.org\/{rel}","templated":true}]}}