{"id":5161,"date":"2022-07-26T10:42:00","date_gmt":"2022-07-26T13:42:00","guid":{"rendered":"https:\/\/www.radians.com.ar\/blog\/?p=5161"},"modified":"2022-08-23T10:46:53","modified_gmt":"2022-08-23T13:46:53","slug":"windows-como-minimizar-todas-las-ventanas-menos-la-activa","status":"publish","type":"post","link":"https:\/\/www.radians.com.ar\/blog\/?p=5161","title":{"rendered":"Windows: C\u00f3mo minimizar todas las ventanas menos la activa"},"content":{"rendered":"\n<p>\u00bfSabes c\u00f3mo&nbsp;<strong>minimizar todas las ventanas menos la activa<\/strong>? En Windows, claro est\u00e1. Si eres un usuario veterano, la pregunta te habr\u00e1 hecho sonre\u00edr, y es que fue Windows 7 la versi\u00f3n del sistema operativo de Microsoft que introdujo esta caracter\u00edstica, aunque tampoco es que se trata de algo especialmente conocido.<\/p>\n\n\n\n<p>Por supuesto, minimizar todas las ventanas es una acci\u00f3n de lo m\u00e1s sencilla de realizar, sin importar la versi\u00f3n de Windows que utilicemos. Por mantenernos en el presente, sin embargo, nos centramos en las \u00faltimas, con Windows 10 como piedra angular. Pero como digo, lo que vale para una, vale para otra.<\/p>\n\n\n\n<p>En resumen, hay varias formas de minimizar todas las ventanas: la m\u00e1s conocida es la pulsaci\u00f3n en ese delgado bot\u00f3n a la derecha del reloj en la barra de tareas. Yo, sin embargo, prefiero hacerlo con un simple gesto, para lo cual -entre otras cosas- utilizo&nbsp;<a href=\"https:\/\/www.muycomputer.com\/2020\/11\/15\/esquinas-calientes-windows-10\/\" target=\"_blank\" rel=\"noreferrer noopener\">WinXCorners<\/a>. Adem\u00e1s, sobra decirlo, se puede hacer con un atajo de teclado.<\/p>\n\n\n\n<p>No solo eso: hay m\u00e1s de una atajo de teclado para minimizar todas las ventanas, seg\u00fan c\u00f3mo se desee hacer, aunque si tuviera que decantarme por uno, ese ser\u00eda \u00ab<strong>Win+D<\/strong>\u00ab, que Adem\u00e1s de para minimizar todas las ventanas, sirve tambi\u00e9n para volver a mostrarlas. Est\u00e1 bien recordarlo, pero este MC Basics no va de eso.<\/p>\n\n\n\n<h2 class=\"wp-block-heading\" id=\"c%C3%B3mo-minimizar-todas-las-ventanas-menos-la-activa\">C\u00f3mo minimizar todas las ventanas menos la activa<\/h2>\n\n\n\n<p>El quid de la cuesti\u00f3n que nos ocupa est\u00e1 en&nbsp;<em>la activa<\/em>, esto es, en c\u00f3mo minimizar&nbsp;<strong>todas las ventanas menos la activa, la que est\u00e1 en primer plano<\/strong>. Lo cual, a su vez, da pie a otras cuestiones: \u00bfpor qu\u00e9 alguien querr\u00eda hacer algo as\u00ed, cuando la ventana activa ya es la que est\u00e1 ocupando el foco de atenci\u00f3n en pantalla?<\/p>\n\n\n\n<p>A partir de esta punto entrar\u00edamos en discusiones sobre dise\u00f1o y usabilidad, pero lo cierto es que en eso consiste a grandes rasgos la nueva caracter\u00edstica de\u00a0<a rel=\"noreferrer noopener\" href=\"https:\/\/www.muycomputer.com\/2022\/06\/07\/apple-presenta-macos-13-ventura\/\" target=\"_blank\">macOS Ventura<\/a>\u00a0llamada\u00a0<strong>Organizador visual<\/strong>: crea una suerte de gestor de tareas adicional a la izquierda de la pantalla en el que se muestran las cinco aplicaciones abiertas m\u00e1s recientes.<\/p>\n\n\n\n<figure class=\"wp-block-embed is-type-video is-provider-youtube wp-block-embed-youtube wp-embed-aspect-16-9 wp-has-aspect-ratio\"><div class=\"wp-block-embed__wrapper\">\n<iframe loading=\"lazy\" title=\"How to Use Stage Manager on macOS Ventura Preview\" width=\"640\" height=\"360\" src=\"https:\/\/www.youtube.com\/embed\/dhP7pC2Jjec?feature=oembed\" frameborder=\"0\" allow=\"accelerometer; autoplay; clipboard-write; encrypted-media; gyroscope; picture-in-picture; web-share\" referrerpolicy=\"strict-origin-when-cross-origin\" allowfullscreen><\/iframe>\n<\/div><\/figure>\n\n\n\n<p>Para ser exactos, el Organizador visual de macOS permite mostrar grupos de aplicaciones, y no solo aplicaciones individuales, por lo que es m\u00e1s potente de lo que he dado a entender, aunque el principio, que es lo me interesa transmitir, es el mismo: que cuando se abra una aplicaci\u00f3n -o un grupo- de las situadas en el Organizador, el resto se minimicen.<\/p>\n\n\n\n<p>O lo que es lo mismo, minimizar todas las ventanas menos la activa (o, en su caso, los grupos de ventanas, l\u00e9ase aplicaciones).<\/p>\n\n\n\n<p>El prop\u00f3sito de esta funci\u00f3n es&nbsp;<strong>quitar de en medio lo que estorba<\/strong>&nbsp;para que el usuario se centre en actividades concretas y tiene su punto, aunque tambi\u00e9n unos cuantos defectos al menos por lo que ha ense\u00f1ado Apple, en los que no voy a entrar porque no viene al caso y ya me estoy extendiendo m\u00e1s de lo necesario.<\/p>\n\n\n\n<p>Lo historia es que fue saber del Organizador visual y recordar una vieja funci\u00f3n de Windows para minimizar todas las ventanas menos la activa, que quiz\u00e1s no conozcas y te venga bien hacerlo, para quitar de en medio -o del fondo, m\u00e1s bien- todas las ventanas que estorban detr\u00e1s de la que est\u00e1 en primer plano.<\/p>\n\n\n\n<p>Esa funci\u00f3n se llama\u00a0<strong>Aero Shake<\/strong>\u00a0y, como su nombre indica, solo tienes que\u00a0<em>meneallo<\/em>. Para probarla, abre varias ventanas, elige una y\u00a0<strong>pincha sobre la barra de ventanas, agit\u00e1ndola<\/strong>\u00a0con alegr\u00eda. As\u00ed es como puedes minimizar todas las ventanas menos la activa, y si lo repites, que las ventanas que se ocultaron vuelvan a aparecer.<\/p>\n\n\n\n<figure class=\"wp-block-embed is-type-video is-provider-youtube wp-block-embed-youtube wp-embed-aspect-16-9 wp-has-aspect-ratio\"><div class=\"wp-block-embed__wrapper\">\n<iframe loading=\"lazy\" title=\"Windows 10 new feature | Aero Shake Feature\" width=\"640\" height=\"360\" src=\"https:\/\/www.youtube.com\/embed\/g7vEaxGZSZ0?feature=oembed\" frameborder=\"0\" allow=\"accelerometer; autoplay; clipboard-write; encrypted-media; gyroscope; picture-in-picture; web-share\" referrerpolicy=\"strict-origin-when-cross-origin\" allowfullscreen><\/iframe>\n<\/div><\/figure>\n\n\n\n<p>Tambi\u00e9n puedes usar Aero Shake con los atajos de teclado \u00ab<strong>Win+M<\/strong>\u00bb y \u00ab<strong>Win+Home<\/strong>\u00ab. Se supon\u00eda que Microsoft iba a eliminar est\u00e1 funci\u00f3n, pero parece haberlo descartado, aunque en Windows 11 puede requerir activarla a mano v\u00eda \u00abConfiguraci\u00f3n &gt; Sistema &gt; Multitarea\u00bb.<\/p>\n\n\n\n<p>\u00bfTe acordabas de Aero Shake? Es cierto que el comportamiento autom\u00e1tico del Organizador visual tiene ventajas, pero tambi\u00e9n desventajas y si de minimizar todas las ventanas menos la activa se trata, Aero Shake cumple con su funci\u00f3n. Y nunca mejor dicho.<\/p>\n\n\n\n<p>Fuente: <a href=\"https:\/\/www.muycomputer.com\/2022\/06\/19\/minimizar-todas-las-ventanas\/\">MuyComputer.com<\/a><\/p>\n","protected":false},"excerpt":{"rendered":"<p>\u00bfSabes c\u00f3mo&nbsp;minimizar todas las ventanas menos la activa? En Windows, claro est\u00e1. Si eres un&#8230;<\/p>\n","protected":false},"author":1,"featured_media":5162,"comment_status":"open","ping_status":"open","sticky":false,"template":"","format":"standard","meta":{"_monsterinsights_skip_tracking":false,"_monsterinsights_sitenote_active":false,"_monsterinsights_sitenote_note":"","_monsterinsights_sitenote_category":0,"footnotes":""},"categories":[279,453],"tags":[482,304,454],"class_list":["post-5161","post","type-post","status-publish","format-standard","has-post-thumbnail","hentry","category-windows-10","category-windows-11","tag-how-to","tag-windows-10","tag-windows-11"],"_links":{"self":[{"href":"https:\/\/www.radians.com.ar\/blog\/index.php?rest_route=\/wp\/v2\/posts\/5161","targetHints":{"allow":["GET"]}}],"collection":[{"href":"https:\/\/www.radians.com.ar\/blog\/index.php?rest_route=\/wp\/v2\/posts"}],"about":[{"href":"https:\/\/www.radians.com.ar\/blog\/index.php?rest_route=\/wp\/v2\/types\/post"}],"author":[{"embeddable":true,"href":"https:\/\/www.radians.com.ar\/blog\/index.php?rest_route=\/wp\/v2\/users\/1"}],"replies":[{"embeddable":true,"href":"https:\/\/www.radians.com.ar\/blog\/index.php?rest_route=%2Fwp%2Fv2%2Fcomments&post=5161"}],"version-history":[{"count":1,"href":"https:\/\/www.radians.com.ar\/blog\/index.php?rest_route=\/wp\/v2\/posts\/5161\/revisions"}],"predecessor-version":[{"id":5163,"href":"https:\/\/www.radians.com.ar\/blog\/index.php?rest_route=\/wp\/v2\/posts\/5161\/revisions\/5163"}],"wp:featuredmedia":[{"embeddable":true,"href":"https:\/\/www.radians.com.ar\/blog\/index.php?rest_route=\/wp\/v2\/media\/5162"}],"wp:attachment":[{"href":"https:\/\/www.radians.com.ar\/blog\/index.php?rest_route=%2Fwp%2Fv2%2Fmedia&parent=5161"}],"wp:term":[{"taxonomy":"category","embeddable":true,"href":"https:\/\/www.radians.com.ar\/blog\/index.php?rest_route=%2Fwp%2Fv2%2Fcategories&post=5161"},{"taxonomy":"post_tag","embeddable":true,"href":"https:\/\/www.radians.com.ar\/blog\/index.php?rest_route=%2Fwp%2Fv2%2Ftags&post=5161"}],"curies":[{"name":"wp","href":"https:\/\/api.w.org\/{rel}","templated":true}]}}