{"id":5144,"date":"2022-01-21T10:44:00","date_gmt":"2022-01-21T13:44:00","guid":{"rendered":"https:\/\/www.radians.com.ar\/blog\/?p=5144"},"modified":"2022-06-24T10:53:39","modified_gmt":"2022-06-24T13:53:39","slug":"windows-11-nuevo-diseno-de-la-barra-de-volumen","status":"publish","type":"post","link":"https:\/\/www.radians.com.ar\/blog\/?p=5144","title":{"rendered":"Windows 11, nuevo dise\u00f1o de la barra de volumen"},"content":{"rendered":"\n<p>S\u00ed 2021 ha sido el a\u00f1o de la llegada de\u00a0Windows 11\u00a0al mercado, estas fechas tambi\u00e9n ser\u00e1n recordadas por otro cambio en Microsoft y en su sistema operativo.\u00a0<strong>El a\u00f1ejo control de volumen deja paso a un nuevo indicador&#8230;<\/strong>\u00a0un proceso en el que la empresa se ha demorado 10 a\u00f1os y que llega asociado a una nueva compilaci\u00f3n en el\u00a0Canal Dev dentro del Programa Insider.<\/p>\n\n\n\n<p>La interfaz para el cambio de volumen lleg\u00f3 con Windows 8, all\u00e1 por 2012. Ya sea con teclado o con rat\u00f3n, al ajustar el volumen aparec\u00eda una barra de color negro. Una interfaz que ahora cambia y se adapta al dise\u00f1o moderno que impera en Windows 11.&nbsp;<strong>Para probarlo s\u00f3lo hay que instalar la Build 22533<\/strong>.<\/p>\n\n\n\n<h2 class=\"wp-block-heading\" id=\"nuevo-diseno-al-estilo-windows-11\">Nuevo dise\u00f1o al estilo Windows 11<\/h2>\n\n\n\n<figure class=\"wp-block-image size-large\"><img decoding=\"async\" src=\"https:\/\/www.radians.com.ar\/Articulos\/Images2022\/20220121-1.jpeg\" alt=\"\"\/><\/figure>\n\n\n\n<p>Pese al lavado de cada, aparente, de Windows 11,\u00a0siguen existiendo anacronismos. Partes de la interfaz, a poco que se profundice, que\u00a0<strong>siguen recordando a versiones pret\u00e9ritas<\/strong>. Y una de ellas es la barra de control de volumen y su a\u00f1ejo dise\u00f1o.<\/p>\n\n\n\n<figure class=\"wp-block-image size-large\"><img decoding=\"async\" src=\"https:\/\/www.radians.com.ar\/Articulos\/Images2022\/20220121-2.jpeg\" alt=\"\"\/><\/figure>\n\n\n\n<p>La barra negra que aparece cuando ajusta el volumen del sistema usando un teclado u otro dispositivo ahora pasa a ser un indicador de volumen&nbsp;<strong>adaptado al dise\u00f1o general de Windows 11<\/strong>. Un dise\u00f1o que siguen otros indicadores como el modificador de brillo, privacidad de la c\u00e1mara, encendido\/apagado de la c\u00e1mara o el modo avi\u00f3n.<\/p>\n\n\n\n<p>Ahora estos controles pasan a estar representados por&nbsp;<strong>nuevos controles flotantes<\/strong>&nbsp;que aparecer\u00e1n cuando se presionen las teclas de volumen. La nueva interfaz ahora es coincidente con el modo claro u oscuro que estemos usando.<\/p>\n\n\n\n<p>Adem\u00e1s y coincidiendo con esta mejora visual,&nbsp;<strong>la aplicaci\u00f3n Tu Tel\u00e9fono tambi\u00e9n mejora la interfaz en las llamadas<\/strong>. Ahora incluye una nueva ventana de llamada en curso con iconos actualizados, fuentes y otros cambios en la interfaz.<\/p>\n\n\n\n<p>Estas mejoras&nbsp;<strong>est\u00e1n disponibles en la build m\u00e1s reciente de Microsoft<\/strong>, la que se corresponde con la versi\u00f3n de Windows 11 en la compilaci\u00f3n 22533 que se puede descargar desde el Canal Dev en el Programa Insider por medio de Windows Update pero tambi\u00e9n descargando la&nbsp;<a href=\"https:\/\/aka.ms\/wipISO\">ISO correspondiente<\/a>.<\/p>\n\n\n\n<h2 class=\"wp-block-heading\" id=\"mejoras-y-arreglos\">Mejoras y arreglos<\/h2>\n\n\n\n<figure class=\"wp-block-image size-large\"><img decoding=\"async\" src=\"https:\/\/www.radians.com.ar\/Articulos\/Images2022\/20220121-3.jpeg\" alt=\"\"\/><\/figure>\n\n\n\n<p>Junto a estos cambios&nbsp;<strong>llegan adem\u00e1s otros arreglos y correcciones<\/strong>&nbsp;de errores que ahora pasamos a repasar.<\/p>\n\n\n\n<ul class=\"wp-block-list\"><li>Se soluciona un problema por el que algunos Insiders hab\u00edan padecido el error 0x8007012a durante una actualizaci\u00f3n de controlador o firmware.<\/li><li>Se solucion\u00f3 un problema que causaba que algunos Insiders no pudieran iniciar sesi\u00f3n en ciertas aplicaciones a veces, como Feedback Hub.<\/li><li><strong>Se corrigi\u00f3 el texto en la descripci\u00f3n de la protecci\u00f3n contra vulnerabilidades<\/strong>\u00a0en la aplicaci\u00f3n de seguridad de Windows para que solo se refiera a Windows y no a Windows 10.<\/li><li>Se solucion\u00f3 un problema que provocaba que no se pudieran\u00a0<strong>importar fotos de ciertas c\u00e1maras y tel\u00e9fonos m\u00f3viles a la aplicaci\u00f3n Fotos<\/strong>.<\/li><li>Iniciar Windows Sandbox, cerrarlo y luego volver a iniciarlo, ya no deber\u00eda generar dos \u00edconos de Windows Sandbox en la barra de tareas (uno de los cuales no es funcional).<\/li><li><strong>El \u00edcono de Wi-Fi deber\u00eda aparecer de manera m\u00e1s confiable<\/strong>\u00a0en la barra de tareas ahora.<\/li><\/ul>\n\n\n\n<ul class=\"wp-block-list\"><li>Si tienes varios monitores conectados al PC y haces clic con el bot\u00f3n derecho en la fecha y la hora en la barra de tareas del monitor principal,&nbsp;<strong>explorer.exe ya no se bloquear\u00e1<\/strong>.<\/li><li>Mantener presionada la tecla CTRL y pasar el mouse sobre el \u00edcono Vista de tareas en la barra de tareas ya no deber\u00eda hacer que explorer.exe se bloquee.<\/li><li>Se mitig\u00f3 un problema subyacente relacionado con el uso de mica en Configuraci\u00f3n que afectaba la confiabilidad general de la aplicaci\u00f3n Configuraci\u00f3n en actualizaciones recientes.<\/li><li>Se solucion\u00f3 un problema que afectaba a algunos Insiders que provocaba que&nbsp;<strong>la configuraci\u00f3n fallara al intentar acceder a las p\u00e1ginas de aplicaciones instaladas<\/strong>, aplicaciones de inicio y aplicaciones predeterminadas.<\/li><li>Se mitig\u00f3 un problema que hac\u00eda que la p\u00e1gina Rueda en Configuraci\u00f3n fallara al agregar una acci\u00f3n para una aplicaci\u00f3n.<\/li><li>Ya no deber\u00edas escuchar un crujido si reproduces audio y haces clic repetidamente en el control deslizante de volumen en Configuraci\u00f3n r\u00e1pida para cambiar el volumen.<\/li><li>Si pasas el rat\u00f3n sobre el t\u00edtulo de una ventana truncada en ALT + Tabulador o Vista de tareas, ahora aparecer\u00e1 una informaci\u00f3n sobre herramientas que muestra el nombre completo de la ventana.<\/li><li><strong>Se mejor\u00f3 la apariencia del color del texto y los botones<\/strong>&nbsp;con temas aplicados en la ventana del candidato, el panel de emoji y el portapapeles (antes de esto, algunos botones\/texto eran dif\u00edciles de ver con ciertos colores de fondo personalizados).<\/li><li>El lanzador de escritura por voz ya no deber\u00eda reaparecer inesperadamente despu\u00e9s de hacer clic en el \u00edcono del micr\u00f3fono para invocar la escritura por voz.<\/li><li>Para Insiders con la experiencia actualizada del conmutador de entrada , las herramientas de accesibilidad como Lupa y Narrador deber\u00edan funcionar mejor ahora.<\/li><\/ul>\n\n\n\n<h2 class=\"wp-block-heading\" id=\"problemas-conocidos\">Problemas conocidos<\/h2>\n\n\n\n<ul class=\"wp-block-list\"><li>En algunos casos, es posible que no pueda ingresar texto cuando utilice Buscar desde el inicio o la barra de tareas. Si experimenta el problema, presione WIN + R en el teclado para abrir el cuadro de di\u00e1logo Ejecutar, luego ci\u00e9rrelo.<\/li><li>En ocasiones,&nbsp;<strong>la barra de tareas parpadear\u00e1 al cambiar de m\u00e9todo de entrada<\/strong>.<\/li><li>Al ver la lista de redes Wi-Fi disponibles, los indicadores de intensidad de la se\u00f1al no reflejan la intensidad de la se\u00f1al correcta.<\/li><li>La configuraci\u00f3n puede bloquearse al ir a Sistema &gt; Pantalla &gt; HDR. Si necesitas habilitar o deshabilitar HDR en una PC compatible con HDR, puedes hacerlo usando el m\u00e9todo abreviado de teclado WIN + ALT + B.<\/li><li>Cambiar la alineaci\u00f3n de la barra de tareas puede hacer que el bot\u00f3n Widgets desaparezca de la barra de tareas.<\/li><li>Cuando se usan varios monitores, el contenido de los widgets en la barra de tareas puede perder la sincronizaci\u00f3n entre los monitores.<\/li><li>Con la barra de tareas alineada a la izquierda, no se muestra informaci\u00f3n como la temperatura. Esto se solucionar\u00e1 en una futura actualizaci\u00f3n<\/li><\/ul>\n\n\n\n<p>Si perteneces al Canal Dev dentro del Programa Insider con Windows 11, puedes descargar la actualizaci\u00f3n acudiendo a la ruta habitual, esto es,&nbsp;<strong>&#8220;Configuraci\u00f3n &gt; Actualizaci\u00f3n y Seguridad &gt; Windows Update&#8221;<\/strong>.<\/p>\n","protected":false},"excerpt":{"rendered":"<p>S\u00ed 2021 ha sido el a\u00f1o de la llegada de\u00a0Windows 11\u00a0al mercado, estas fechas tambi\u00e9n&#8230;<\/p>\n","protected":false},"author":1,"featured_media":5145,"comment_status":"open","ping_status":"open","sticky":false,"template":"","format":"standard","meta":{"_monsterinsights_skip_tracking":false,"_monsterinsights_sitenote_active":false,"_monsterinsights_sitenote_note":"","_monsterinsights_sitenote_category":0,"footnotes":""},"categories":[453],"tags":[454,426],"class_list":["post-5144","post","type-post","status-publish","format-standard","has-post-thumbnail","hentry","category-windows-11","tag-windows-11","tag-windows-insider"],"_links":{"self":[{"href":"https:\/\/www.radians.com.ar\/blog\/index.php?rest_route=\/wp\/v2\/posts\/5144","targetHints":{"allow":["GET"]}}],"collection":[{"href":"https:\/\/www.radians.com.ar\/blog\/index.php?rest_route=\/wp\/v2\/posts"}],"about":[{"href":"https:\/\/www.radians.com.ar\/blog\/index.php?rest_route=\/wp\/v2\/types\/post"}],"author":[{"embeddable":true,"href":"https:\/\/www.radians.com.ar\/blog\/index.php?rest_route=\/wp\/v2\/users\/1"}],"replies":[{"embeddable":true,"href":"https:\/\/www.radians.com.ar\/blog\/index.php?rest_route=%2Fwp%2Fv2%2Fcomments&post=5144"}],"version-history":[{"count":1,"href":"https:\/\/www.radians.com.ar\/blog\/index.php?rest_route=\/wp\/v2\/posts\/5144\/revisions"}],"predecessor-version":[{"id":5146,"href":"https:\/\/www.radians.com.ar\/blog\/index.php?rest_route=\/wp\/v2\/posts\/5144\/revisions\/5146"}],"wp:featuredmedia":[{"embeddable":true,"href":"https:\/\/www.radians.com.ar\/blog\/index.php?rest_route=\/wp\/v2\/media\/5145"}],"wp:attachment":[{"href":"https:\/\/www.radians.com.ar\/blog\/index.php?rest_route=%2Fwp%2Fv2%2Fmedia&parent=5144"}],"wp:term":[{"taxonomy":"category","embeddable":true,"href":"https:\/\/www.radians.com.ar\/blog\/index.php?rest_route=%2Fwp%2Fv2%2Fcategories&post=5144"},{"taxonomy":"post_tag","embeddable":true,"href":"https:\/\/www.radians.com.ar\/blog\/index.php?rest_route=%2Fwp%2Fv2%2Ftags&post=5144"}],"curies":[{"name":"wp","href":"https:\/\/api.w.org\/{rel}","templated":true}]}}