{"id":5133,"date":"2022-06-24T09:26:00","date_gmt":"2022-06-24T12:26:00","guid":{"rendered":"https:\/\/www.radians.com.ar\/blog\/?p=5133"},"modified":"2022-06-24T09:36:58","modified_gmt":"2022-06-24T12:36:58","slug":"la-build-25145-de-windows-11-llega-al-canal-dev-de-windows-insider","status":"publish","type":"post","link":"https:\/\/www.radians.com.ar\/blog\/?p=5133","title":{"rendered":"La Build 25145 de Windows 11 llega al Canal Dev de Windows Insider"},"content":{"rendered":"\n<p>La Build 25145 no tiene muchas nuevas caracteristicas pero si incluye varias correcciones y detalles.<\/p>\n\n\n\n<h2 class=\"wp-block-heading\" id=\"novedades-de-la-build-25145\">Novedades de la Build 25145<\/h2>\n\n\n\n<h3 class=\"wp-block-heading\" id=\"solucion-del-controlador-braille-del-narrador\">Soluci\u00f3n del controlador Braille del Narrador<\/h3>\n\n\n\n<p>Los dispositivos Braille seguir\u00e1n funcionando al cambiar entre Narrador y lectores de pantalla de terceros, ya que el narrador cambiar\u00e1 autom\u00e1ticamente los controladores Braille. Si quieres saber m\u00e1s sobre esto, existe documentaci\u00f3n detallada en&nbsp;<a href=\"https:\/\/sway.office.com\/owCFmRgW4zv2hkmQ?ref=Link\" target=\"_blank\" rel=\"noreferrer noopener\">este enlace<\/a>.<\/p>\n\n\n\n<h3 class=\"wp-block-heading\" id=\"alerta-de-almacenamiento-y-gestion-de-suscripcion-de-onedrive-en-la-app-de-configuracion\">Alerta de almacenamiento y gesti\u00f3n de suscripci\u00f3n de OneDrive en la app de Configuraci\u00f3n<\/h3>\n\n\n\n<p>A partir de la compilaci\u00f3n de hoy, Microsoft ha comenzado a habilitar las suscripciones \u00abnormales\u00bb de OneDrive de 100GB en la p\u00e1gina de Cuentas dentro de la Configuraci\u00f3n, similar a lo que hicieron con las suscripciones de Microsoft 365.<\/p>\n\n\n\n<figure class=\"wp-block-image size-large\"><img decoding=\"async\" src=\"https:\/\/www.radians.com.ar\/Articulos\/Images2022\/20220624-2.png\" alt=\"\"\/><\/figure>\n\n\n\n<p>Esto te permitir\u00e1 ver tu facturaci\u00f3n recurrente, el m\u00e9todo de pago y el uso de almacenamiento de OneDrive dentro de Windows 11. Adem\u00e1s, si est\u00e1s cerca o por encima de tu l\u00edmite de almacenamiento de OneDrive, se te informar\u00e1 en la misma p\u00e1gina.<\/p>\n\n\n\n<h3 class=\"wp-block-heading\" id=\"herramienta-administrador-de-contrasenas-local\">Herramienta Administrador de Contrase\u00f1as Local<\/h3>\n\n\n\n<p>El producto heredado \u00abHerramienta Administrador de Contrase\u00f1as Local\u00bb (tambi\u00e9n conocido como \u00abLAPS\u00bb) es ahora una parte nativa de Windows e incluye muchas caracter\u00edsticas nuevas:<\/p>\n\n\n\n<figure class=\"wp-block-image size-large\"><img decoding=\"async\" src=\"https:\/\/www.radians.com.ar\/Articulos\/Images2022\/20220624-3.webp\" alt=\"\"\/><\/figure>\n\n\n\n<p>La documentaci\u00f3n de las caracter\u00edsticas a\u00fan no est\u00e1 disponible, pero si ha utilizado el producto LAPS anterior, muchas de las caracter\u00edsticas de esta nueva versi\u00f3n le resultar\u00e1n familiares. A continuaci\u00f3n se presenta un breve tutorial para ayudarle a comenzar con el escenario b\u00e1sico de cliente unido a un dominio de Active Directory:<\/p>\n\n\n\n<ol class=\"wp-block-list\"><li>Ampl\u00ede su esquema de Active Directory ejecutando el cmdlet Update-LapsADSchema en el nuevo m\u00f3dulo LAPS PowerShell.<\/li><li>A\u00f1ada los permisos necesarios en la OU de su equipo ejecutando el cmdlet Set-LapsADComputerSelfPermission.<\/li><li>A\u00f1ade un nuevo objeto de directiva de grupo LAPS y habilita la opci\u00f3n \u00abConfigurar el directorio de copia de seguridad de la contrase\u00f1a\u00bb y config\u00faralo para hacer una copia de seguridad de la contrase\u00f1a en \u00abActive Directory\u00bb.<\/li><li>El cliente unido al dominio procesar\u00e1 la pol\u00edtica en el siguiente intervalo de actualizaci\u00f3n del GPO. Ejecute \u00abgpupdate \/target:computer \/force\u00bb para evitar la espera. (El cmdlet Invoke-LapsPolicyProcessing puede utilizarse para este mismo prop\u00f3sito).<\/li><li>Una vez que el cliente unido al dominio haya respaldado una nueva contrase\u00f1a (busque el evento 10018 en el registro de eventos \u2013 vea la captura de pantalla de abajo), ejecute el cmdlet Get-LapsADPassword para recuperar la nueva contrase\u00f1a almacenada (por defecto debe estar ejecutando como administrador del dominio).<\/li><\/ol>\n\n\n\n<p>Para acceder a esta nueva directiva de grupo, abra el editor de directivas de grupo y vaya a Configuraci\u00f3n del equipo &gt; Plantillas administrativas &gt; Sistema &gt; LAPS.<\/p>\n\n\n\n<p>Nota: la caracter\u00edstica es totalmente funcional para los clientes unidos al dominio de Active Directory, pero el soporte de Azure Active Directory est\u00e1 limitado por ahora a un peque\u00f1o grupo de Insiders.<\/p>\n\n\n\n<h2 class=\"wp-block-heading\" id=\"cambios-y-mejoras\">Cambios y mejoras<\/h2>\n\n\n\n<h3 class=\"wp-block-heading\" id=\"general\">General<\/h3>\n\n\n\n<ul class=\"wp-block-list\"><li>Las nuevas caracter\u00edsticas del historial de uso de las aplicaciones, que comenzaron a llegar a los Insiders con la Build 25140, ofrecen a los usuarios un historial de 7 d\u00edas de acceso a los recursos de Ubicaci\u00f3n, C\u00e1mara, Micr\u00f3fono, Llamadas telef\u00f3nicas, Mensajer\u00eda, Contactos, Im\u00e1genes, V\u00eddeos, Biblioteca de m\u00fasica, Capturas de pantalla y aplicaciones a trav\u00e9s de la experiencia de Configuraci\u00f3n. Puedes encontrar esta nueva informaci\u00f3n en Ajustes &gt; Privacidad y seguridad &gt; Permisos de aplicaciones (simplemente pulsa en una de las categor\u00edas de permisos de aplicaciones como el micr\u00f3fono y mira la \u00abActividad reciente\u00bb).<\/li><\/ul>\n\n\n\n<h3 class=\"wp-block-heading\" id=\"acciones-sugeridas\">Acciones sugeridas<\/h3>\n\n\n\n<ul class=\"wp-block-list\"><li>Las Acciones Sugeridas, que comenzaron a desplegarse con la Build 25115, est\u00e1n ahora disponibles para todos los Windows Insiders en los Estados Unidos, Canad\u00e1 y M\u00e9xico.<\/li><\/ul>\n\n\n\n<h3 class=\"wp-block-heading\" id=\"explorador-de-archivos\">Explorador de archivos<\/h3>\n\n\n\n<ul class=\"wp-block-list\"><li>Al hacer clic en el medio de una carpeta en el cuerpo del Explorador de archivos ahora se abrir\u00e1 en una nueva pesta\u00f1a.<\/li><\/ul>\n\n\n\n<h2 class=\"wp-block-heading\" id=\"correcciones\">Correcciones<\/h2>\n\n\n\n<h3 class=\"wp-block-heading\" id=\"general\">General<\/h3>\n\n\n\n<ul class=\"wp-block-list\"><li>Se ha corregido un problema que provocaba que los Insiders de Windows en dispositivos Surface Pro X se encontraran con una pantalla negra al intentar reanudar desde la hibernaci\u00f3n.<\/li><li>Se ha corregido una comprobaci\u00f3n de errores que algunos Insiders estaban experimentando con SYSTEM_THREAD_EXCEPTION_NOT_HANDLED relacionado con los USB.<\/li><li>Se ha corregido un bugcheck con el error 0x1CA SYNTHETIC_WATCHDOG_TIMEOUT que pod\u00eda ocurrir espor\u00e1dicamente en algunos PCs despu\u00e9s de dejarlos en reposo durante alg\u00fan tiempo. Esto pod\u00eda ocurrir cuando se cerraba la tapa de un port\u00e1til, haciendo que pareciera que el port\u00e1til se hab\u00eda reiniciado mientras dorm\u00eda.<\/li><li>Se ha corregido un problema de las dos \u00faltimas versiones que hac\u00eda que InventorySvc consumiera un volumen de memoria inesperadamente alto cuanto m\u00e1s tiempo estuviera funcionando.<\/li><\/ul>\n\n\n\n<h3 class=\"wp-block-heading\" id=\"explorador-de-archivos\">Explorador de archivos<\/h3>\n\n\n\n<ul class=\"wp-block-list\"><li>La fila de pesta\u00f1as ahora deber\u00eda incluirse en el ciclo de enfoque del teclado al pulsar Tab o F6. Una vez que el foco est\u00e1 en la fila de pesta\u00f1as, se pueden utilizar las teclas de flecha izquierda o derecha para navegar a trav\u00e9s de ellas.<\/li><li>Se ha corregido un problema por el que el orden de las pesta\u00f1as al usar CTRL + Tab se equivocaba si se hab\u00edan reorganizado las pesta\u00f1as en el Explorador de Archivos.<\/li><\/ul>\n\n\n\n<h3 class=\"wp-block-heading\" id=\"inicio\">Inicio<\/h3>\n\n\n\n<ul class=\"wp-block-list\"><li>El Narrador ahora leer\u00e1 el di\u00e1logo que se abre al desinstalar una aplicaci\u00f3n desde su men\u00fa contextual en Inicio y esas opciones correctamente.<\/li><li>La animaci\u00f3n al seleccionar el bot\u00f3n M\u00e1s en la secci\u00f3n Recomendada de Inicio en los idiomas de derecha a izquierda (RTL) deber\u00eda aparecer ahora correctamente.<\/li><\/ul>\n\n\n\n<h3 class=\"wp-block-heading\" id=\"barra-de-tareas\">Barra de tareas<\/h3>\n\n\n\n<ul class=\"wp-block-list\"><li>Al descartar el centro de notificaciones mediante el teclado, su animaci\u00f3n de cierre se mostrar\u00e1 ahora correctamente.<\/li><\/ul>\n\n\n\n<h3 class=\"wp-block-heading\" id=\"ajustes\">Ajustes<\/h3>\n\n\n\n<ul class=\"wp-block-list\"><li>Al escribir un n\u00famero en el cuadro de b\u00fasqueda de Ajustes cuando se utiliza un idioma de visualizaci\u00f3n \u00e1rabe, ya no deber\u00edan aparecer cuadros.<\/li><li>Se ha corregido un problema que provocaba el bloqueo de los Ajustes al ir a Bluetooth y Dispositivos &gt; Impresoras y Esc\u00e1neres en las \u00faltimas versiones.<\/li><li>Se han corregido un par de bloqueos que experimentaban algunos usuarios de Insider en las \u00faltimas versiones al abrir la secci\u00f3n Wi-Fi de los Ajustes r\u00e1pidos, o despu\u00e9s de conectarse o desconectarse de redes en la secci\u00f3n Wi-Fi de los Ajustes r\u00e1pidos.<\/li><li>Se ha solucionado un problema que provocaba que la opci\u00f3n Wi-Fi de los Ajustes r\u00e1pidos y la secci\u00f3n Wi-Fi de los Ajustes tardaran a veces unos segundos en aparecer.<\/li><li>El uso de la funci\u00f3n t\u00e1ctil para reorganizar los elementos de los Ajustes R\u00e1pidos en el modo de edici\u00f3n ya no deber\u00eda provocar que los Ajustes R\u00e1pidos se cierren inesperadamente en algunas ocasiones.<\/li><\/ul>\n\n\n\n<h3 class=\"wp-block-heading\" id=\"entrada\">Entrada<\/h3>\n\n\n\n<ul class=\"wp-block-list\"><li>Se ha a\u00f1adido el signo de moneda SOM (U+20C0) a la familia de fuentes Courier New.<\/li><\/ul>\n\n\n\n<h3 class=\"wp-block-heading\" id=\"administrador-de-tareas\">Administrador de tareas<\/h3>\n\n\n\n<ul class=\"wp-block-list\"><li>Pulsar CTRL + Avance de P\u00e1gina y CTRL + Retroceso de P\u00e1gina deber\u00eda funcionar de nuevo para navegar por las p\u00e1ginas del Administrador de Tareas.<\/li><\/ul>\n\n\n\n<h3 class=\"wp-block-heading\" id=\"otros\">Otros<\/h3>\n\n\n\n<ul class=\"wp-block-list\"><li>Se ha corregido un problema poco frecuente que pod\u00eda hacer que algunas aplicaciones se bloquearan espor\u00e1dicamente al iniciarse.<\/li><\/ul>\n\n\n\n<h2 class=\"wp-block-heading\" id=\"problemas-conocidos-de-la-build-25145\">Problemas conocidos de la Build 25145<\/h2>\n\n\n\n<h3 class=\"wp-block-heading\" id=\"general\">General<\/h3>\n\n\n\n<ul class=\"wp-block-list\"><li>Se est\u00e1n investigando los informes de que el material Mica y el efecto de desenfoque acr\u00edlico no se est\u00e1n representando correctamente en las superficies del sistema operativo, como el men\u00fa Inicio, el Centro de notificaciones y otras \u00e1reas.<\/li><li>Se investigan los informes de que el apagado a trav\u00e9s del men\u00fa Inicio no est\u00e1 funcionando para algunos Insiders y se est\u00e1 reiniciando inesperadamente en su lugar.<\/li><li>Algunos juegos que utilizan Easy Anti-Cheat pueden bloquearse o hacer que el PC se bloquee.<\/li><\/ul>\n\n\n\n<h3 class=\"wp-block-heading\" id=\"explorador-de-archivos\">Explorador de archivos<\/h3>\n\n\n\n<ul class=\"wp-block-list\"><li>La flecha hacia arriba est\u00e1 mal alineada en las pesta\u00f1as del Explorador de Archivos. Esto se arreglar\u00e1 en una futura actualizaci\u00f3n.<\/li><li>Hay una investigaci\u00f3n sobre los informes de que el lanzamiento del Explorador de archivos de ciertas maneras cuando se utiliza el modo oscuro (por ejemplo, desde la l\u00ednea de comandos) est\u00e1 mostrando el cuerpo del Explorador de archivos inesperadamente en el modo de luz.<\/li><\/ul>\n\n\n\n<h3 class=\"wp-block-heading\" id=\"widgets\">Widgets<\/h3>\n\n\n\n<ul class=\"wp-block-list\"><li>Se est\u00e1 trabajando en la soluci\u00f3n de un problema que provoca que las preferencias de los widgets (unidades de temperatura y widgets anclados) se restablezcan inesperadamente a los valores predeterminados.<\/li><\/ul>\n\n\n\n<h3 class=\"wp-block-heading\" id=\"subtitulos-en-vivo\">Subt\u00edtulos en vivo<\/h3>\n\n\n\n<ul class=\"wp-block-list\"><li>Algunas aplicaciones en pantalla completa (por ejemplo, los reproductores de v\u00eddeo) impiden que los subt\u00edtulos en directo sean visibles.<\/li><li>Algunas aplicaciones situadas cerca de la parte superior de la pantalla y cerradas antes de que se ejecuten los subt\u00edtulos en directo se volver\u00e1n a lanzar detr\u00e1s de la ventana de subt\u00edtulos en directo situada en la parte superior. Utiliza el men\u00fa del sistema (ALT + Barra espaciadora) mientras la aplicaci\u00f3n tiene el foco para mover la ventana de la aplicaci\u00f3n m\u00e1s abajo.<\/li><\/ul>\n","protected":false},"excerpt":{"rendered":"<p>La Build 25145 no tiene muchas nuevas caracteristicas pero si incluye varias correcciones y detalles&#8230;.<\/p>\n","protected":false},"author":1,"featured_media":5128,"comment_status":"open","ping_status":"open","sticky":false,"template":"","format":"standard","meta":{"_monsterinsights_skip_tracking":false,"_monsterinsights_sitenote_active":false,"_monsterinsights_sitenote_note":"","_monsterinsights_sitenote_category":0,"footnotes":""},"categories":[453],"tags":[454,426],"class_list":["post-5133","post","type-post","status-publish","format-standard","has-post-thumbnail","hentry","category-windows-11","tag-windows-11","tag-windows-insider"],"_links":{"self":[{"href":"https:\/\/www.radians.com.ar\/blog\/index.php?rest_route=\/wp\/v2\/posts\/5133","targetHints":{"allow":["GET"]}}],"collection":[{"href":"https:\/\/www.radians.com.ar\/blog\/index.php?rest_route=\/wp\/v2\/posts"}],"about":[{"href":"https:\/\/www.radians.com.ar\/blog\/index.php?rest_route=\/wp\/v2\/types\/post"}],"author":[{"embeddable":true,"href":"https:\/\/www.radians.com.ar\/blog\/index.php?rest_route=\/wp\/v2\/users\/1"}],"replies":[{"embeddable":true,"href":"https:\/\/www.radians.com.ar\/blog\/index.php?rest_route=%2Fwp%2Fv2%2Fcomments&post=5133"}],"version-history":[{"count":1,"href":"https:\/\/www.radians.com.ar\/blog\/index.php?rest_route=\/wp\/v2\/posts\/5133\/revisions"}],"predecessor-version":[{"id":5134,"href":"https:\/\/www.radians.com.ar\/blog\/index.php?rest_route=\/wp\/v2\/posts\/5133\/revisions\/5134"}],"wp:featuredmedia":[{"embeddable":true,"href":"https:\/\/www.radians.com.ar\/blog\/index.php?rest_route=\/wp\/v2\/media\/5128"}],"wp:attachment":[{"href":"https:\/\/www.radians.com.ar\/blog\/index.php?rest_route=%2Fwp%2Fv2%2Fmedia&parent=5133"}],"wp:term":[{"taxonomy":"category","embeddable":true,"href":"https:\/\/www.radians.com.ar\/blog\/index.php?rest_route=%2Fwp%2Fv2%2Fcategories&post=5133"},{"taxonomy":"post_tag","embeddable":true,"href":"https:\/\/www.radians.com.ar\/blog\/index.php?rest_route=%2Fwp%2Fv2%2Ftags&post=5133"}],"curies":[{"name":"wp","href":"https:\/\/api.w.org\/{rel}","templated":true}]}}