{"id":4246,"date":"2020-04-01T16:05:00","date_gmt":"2020-04-01T19:05:00","guid":{"rendered":"https:\/\/www.radians.com.ar\/blog\/?p=4246"},"modified":"2020-04-24T14:42:35","modified_gmt":"2020-04-24T17:42:35","slug":"microsoft-lanza-la-build-19587-para-los-insiders-del-anillo-rpido-windows10","status":"publish","type":"post","link":"https:\/\/www.radians.com.ar\/blog\/?p=4246","title":{"rendered":"Microsoft lanza la Build 19587 para los insiders del Anillo R&aacute;pido {Windows10}"},"content":{"rendered":"<p align=\"justify\"><a href=\"https:\/\/www.radians.com.ar\/Articulos\/Images2019\/Microsoft-lanza-la-Build-19587-para-los-_DE39\/image.png\"><img loading=\"lazy\" decoding=\"async\" title=\"www.radians.com.ar\" style=\"margin: 5px; float: left; display: inline; background-image: none;\" border=\"0\" alt=\"www.radians.com.ar\" src=\"https:\/\/www.radians.com.ar\/Articulos\/Images2019\/Microsoft-lanza-la-Build-19587-para-los-_DE39\/image_thumb.png\" width=\"374\" align=\"left\" height=\"157\"><\/a>En Microsoft no cesan en el desarrollo de las versiones de Windows que se nos avecinan, la m\u00e1s inmediata la que se corresponde con la rama 20H1 y que deber\u00eda llegar en primavera.<\/p>\n<p align=\"justify\">Continuando con el calendario de lanzamientos, <strong>en Microsoft han liberado la Build 19587<\/strong>, lanzada para los que forman parte del Programa Insider dentro del Anillo R\u00e1pido. Una compilaci\u00f3n que, como viene siendo habitual, se centra en a\u00f1adir mejoras, corregir errores y mejorar la estabilidad del sistema.<\/p>\n<h2>Cambios generales y mejoras<\/h2>\n<ul>\n<li>Siguiendo los comentarios de los usuarios, ahora, <strong>al silenciar el volumen, este no se desactivar\u00e1<\/strong> si se usan las teclas de volumen del teclado hasta que se suba el volumen o se active manualmente el silencio.<\/li>\n<li>Han a\u00f1adido mejoras a Narrador y c\u00f3mo funciona con algunos de los controles en Windows.<\/li>\n<li><strong>Narrador ahora usa ruta m\u00e1s sencilla<\/strong> para describir la salida de audio en el men\u00fa desplegable Seleccionar dispositivo de reproducci\u00f3n en el men\u00fa lateral de volumen.<\/li>\n<li>Narrador ahora ofrece <strong>m\u00e1s informaci\u00f3n en el cuadro de di\u00e1logo Agregar Bluetooth<\/strong> u otros dispositivos en la aplicaci\u00f3n Configuraci\u00f3n cuando se abre por primera vez.<\/li>\n<\/ul>\n<h2> Correcciones<\/h2>\n<p><a href=\"https:\/\/www.radians.com.ar\/Articulos\/Images2019\/Microsoft-lanza-la-Build-19587-para-los-_DE39\/image_3.png\"><img loading=\"lazy\" decoding=\"async\" title=\"www.radians.com.ar\" style=\"margin: 5px; float: left; display: inline; background-image: none;\" border=\"0\" alt=\"www.radians.com.ar\" src=\"https:\/\/www.radians.com.ar\/Articulos\/Images2019\/Microsoft-lanza-la-Build-19587-para-los-_DE39\/image_thumb_3.png\" width=\"304\" align=\"left\" height=\"174\"><\/a><\/p>\n<ul>\n<li>Se ha solucionado un problema que hac\u00eda que el <strong>nuevo \u00edcono junto a &#8220;Escanear&#8221; con Microsoft Defender<\/strong> en el men\u00fa contextual del &#8220;Explorador de archivos&#8221; no tuviese un fondo transparente.<\/li>\n<li>Corrige un problema que pod\u00eda provocar que la p\u00e1gina de aplicaciones predeterminadas en &#8220;Configuraci\u00f3n&#8221; se bloquease al intentar cambiar los valores predeterminados.<\/li>\n<li>Se ha solucionado un problema que pod\u00eda provocar que <strong>faltara el cuadro de b\u00fasqueda en ciertas aplicaciones<\/strong>.<\/li>\n<li>Corrige un problema por el que <strong>algunos archivos no se pod\u00edan abrir en las aplicaciones win32<\/strong> del &#8220;Explorador de archivos&#8221; si la longitud de la ruta al archivo era muy larga y partes de la ruta inclu\u00edan caracteres del este asi\u00e1tico.<\/li>\n<li>\n<div align=\"justify\">Se ha solucionado un problema por el cual <strong>no se generaban miniaturas<\/strong> para las im\u00e1genes dentro de una &#8220;Carpeta de trabajo&#8221;.<\/div>\n<\/li>\n<li>\n<div align=\"justify\">Corrige un problema por el cual agregar la columna Sesi\u00f3n a la pesta\u00f1a &#8220;Usuarios&#8221; en el &#8220;Administrador de tareas&#8221;, <strong>no permitir\u00eda expandir los detalles referidos a un usuario concreto<\/strong>.<\/div>\n<\/li>\n<\/ul>\n<h2 align=\"justify\">Problemas conocidos<\/h2>\n<p align=\"justify\"><a href=\"https:\/\/www.radians.com.ar\/Articulos\/Images2019\/Microsoft-lanza-la-Build-19587-para-los-_DE39\/image_4.png\"><img loading=\"lazy\" decoding=\"async\" title=\"www.radians.com.ar\" style=\"margin: 5px; float: left; display: inline; background-image: none;\" border=\"0\" alt=\"www.radians.com.ar\" src=\"https:\/\/www.radians.com.ar\/Articulos\/Images2019\/Microsoft-lanza-la-Build-19587-para-los-_DE39\/image_thumb_4.png\" width=\"304\" align=\"left\" height=\"194\"><\/a><\/p>\n<ul>\n<li>\n<div align=\"justify\">En dispositivos ARM se bloquea esta Build debido a un problema que hace que reciban una verificaci\u00f3n de errores.<\/div>\n<\/li>\n<li>\n<div align=\"justify\"><strong>BattlEye y Microsoft han encontrado problemas de incompatibilidad<\/strong> debido a cambios en el sistema operativo entre algunas compilaciones de Insider Preview y ciertas versiones del software BattlEye anti-trampa. Para proteger a los Insiders que podr\u00edan tener estas versiones instaladas en su PC, han aplicado una suspensi\u00f3n de compatibilidad en estos dispositivos para que no se les ofrezcan compilaciones afectadas de Windows Insider Preview.<\/div>\n<\/li>\n<li>\n<div align=\"justify\">Debido a que los usuarios de Narrador y NVDA que buscan la \u00faltima versi\u00f3n de Microsoft Edge basada en Chromium pueden experimentar algunas dificultades al navegar y leer cierto contenido web. Los equipos Narrador, NVDA y Edge est\u00e1n al tanto de estos problemas. Los usuarios de Microsoft Edge anterior no se ver\u00e1n afectados. NVAccess ha lanzado el parche NVDA 2019.3 que resuelve el problema conocido con Edge.<\/div>\n<\/li>\n<li>\n<div align=\"justify\">Est\u00e1n al tanto de <strong>fallos durante el proceso de actualizaci\u00f3n<\/strong>, que puede experimentar cuelgues durante largos per\u00edodos de tiempo al intentar instalar una nueva compilaci\u00f3n.<\/div>\n<\/li>\n<li>\n<div align=\"justify\">Algunos dispositivos pueden experimentar una <strong>comprobaci\u00f3n de errores (GSOD) durante el reinicio para instalar esta actualizaci\u00f3n<\/strong>. Si esto sucede, inicia sesi\u00f3n, programa una hora para la instalaci\u00f3n de la actualizaci\u00f3n y luego cierra la sesi\u00f3n de todos los perfiles de usuario antes de la hora de instalaci\u00f3n programada. La instalaci\u00f3n continuar\u00e1 como se esperaba.<\/div>\n<\/li>\n<\/ul>\n<p align=\"justify\">As\u00ed he actualizado en junio de 2019 un PC con Windows 7 a Windows 10 May 2019 Update de forma oficial<\/p>\n<ul>\n<li>\n<div align=\"justify\">La secci\u00f3n Documentos en Privacidad tiene <strong>un icono que no se muestra correctamente<\/strong>.<\/div>\n<\/li>\n<li>\n<div align=\"justify\">Al intentar utilizar Win + PrtScn para capturar una captura de pantalla, <strong>la imagen no se guarda en el directorio 2Capturas de pantalla&#8221;<\/strong>. Por ahora, deber\u00e1s usar una de las otras opciones para tomar capturas de pantalla, como WIN + Shift + S.<\/div>\n<\/li>\n<li>\n<div align=\"justify\">Analizan informes en los que al ejecutar la reparaci\u00f3n de corrupci\u00f3n (DISM), el proceso se detiene en 84.9%.<\/div>\n<\/li>\n<li>\n<div align=\"justify\">Est\u00e1n investigando informes de que las ventanas de notas adhesivas no se pueden mover en el escritorio. Como soluci\u00f3n alternativa, cuando establece el foco en Notas r\u00e1pidas, presiona Alt + Espacio. Aparecer\u00e1 un men\u00fa que contiene una opci\u00f3n Mover. Selecci\u00f3nalo, entonces deber\u00edas poder usar las teclas de flecha o el mouse para mover la ventana.<\/div>\n<\/li>\n<\/ul>\n<p align=\"justify\">Si perteneces al Anillo R\u00e1pido dentro del Programa Insider, puedes descargar la actualizaci\u00f3n acudiendo a la ruta habitual, esto es, <strong>&#8220;Configuraci\u00f3n &gt; Actualizaci\u00f3n y Seguridad &gt; Windows Update&#8221;<\/strong>. Una actualizaci\u00f3n que prepara el terreno para una actualizaci\u00f3n a la que a\u00fan resta casi un a\u00f1o.<\/p>\n<p align=\"justify\">Espero les sea de interes y les dejo el link con mas informacion: <a href=\"https:\/\/blogs.windows.com\/windowsexperience\/2020\/03\/18\/announcing-windows-10-insider-preview-build-19587\/\">https:\/\/blogs.windows.com\/windowsexperience\/2020\/03\/18\/announcing-windows-10-insider-preview-build-19587\/<\/a>. Saludos, Roberto Di Lello<\/p>\n","protected":false},"excerpt":{"rendered":"<p>En Microsoft no cesan en el desarrollo de las versiones de Windows que se nos&#8230;<\/p>\n","protected":false},"author":1,"featured_media":4362,"comment_status":"open","ping_status":"open","sticky":false,"template":"","format":"standard","meta":{"_monsterinsights_skip_tracking":false,"_monsterinsights_sitenote_active":false,"_monsterinsights_sitenote_note":"","_monsterinsights_sitenote_category":0,"footnotes":""},"categories":[279],"tags":[304],"class_list":["post-4246","post","type-post","status-publish","format-standard","has-post-thumbnail","hentry","category-windows-10","tag-windows-10"],"_links":{"self":[{"href":"https:\/\/www.radians.com.ar\/blog\/index.php?rest_route=\/wp\/v2\/posts\/4246","targetHints":{"allow":["GET"]}}],"collection":[{"href":"https:\/\/www.radians.com.ar\/blog\/index.php?rest_route=\/wp\/v2\/posts"}],"about":[{"href":"https:\/\/www.radians.com.ar\/blog\/index.php?rest_route=\/wp\/v2\/types\/post"}],"author":[{"embeddable":true,"href":"https:\/\/www.radians.com.ar\/blog\/index.php?rest_route=\/wp\/v2\/users\/1"}],"replies":[{"embeddable":true,"href":"https:\/\/www.radians.com.ar\/blog\/index.php?rest_route=%2Fwp%2Fv2%2Fcomments&post=4246"}],"version-history":[{"count":2,"href":"https:\/\/www.radians.com.ar\/blog\/index.php?rest_route=\/wp\/v2\/posts\/4246\/revisions"}],"predecessor-version":[{"id":4355,"href":"https:\/\/www.radians.com.ar\/blog\/index.php?rest_route=\/wp\/v2\/posts\/4246\/revisions\/4355"}],"wp:featuredmedia":[{"embeddable":true,"href":"https:\/\/www.radians.com.ar\/blog\/index.php?rest_route=\/wp\/v2\/media\/4362"}],"wp:attachment":[{"href":"https:\/\/www.radians.com.ar\/blog\/index.php?rest_route=%2Fwp%2Fv2%2Fmedia&parent=4246"}],"wp:term":[{"taxonomy":"category","embeddable":true,"href":"https:\/\/www.radians.com.ar\/blog\/index.php?rest_route=%2Fwp%2Fv2%2Fcategories&post=4246"},{"taxonomy":"post_tag","embeddable":true,"href":"https:\/\/www.radians.com.ar\/blog\/index.php?rest_route=%2Fwp%2Fv2%2Ftags&post=4246"}],"curies":[{"name":"wp","href":"https:\/\/api.w.org\/{rel}","templated":true}]}}