{"id":4229,"date":"2020-03-18T16:52:00","date_gmt":"2020-03-18T19:52:00","guid":{"rendered":"https:\/\/www.radians.com.ar\/blog\/?p=4229"},"modified":"2020-03-18T16:52:27","modified_gmt":"2020-03-18T19:52:27","slug":"mvp-summit-2020","status":"publish","type":"post","link":"https:\/\/www.radians.com.ar\/blog\/?p=4229","title":{"rendered":"MVP Summit 2020"},"content":{"rendered":"<p align=\"justify\"><a href=\"https:\/\/www.radians.com.ar\/Articulos\/Images2019\/cd8c2054c637_EC65\/image.png\"><img loading=\"lazy\" decoding=\"async\" title=\"image\" style=\"float: left; display: inline; background-image: none;\" border=\"0\" alt=\"image\" src=\"https:\/\/www.radians.com.ar\/Articulos\/Images2019\/cd8c2054c637_EC65\/image_thumb.png\" width=\"354\" align=\"left\" height=\"189\" \/><\/a>Esta semana estare asistiendo al Microsoft MVP Summit 2020. Nuevamente he sido invitado por Microsoft y el programa MVP a participar de este excelente evento junto con otros MVP de varias especialidades y a los distintos grupo de producto.<\/p>\n<p align=\"justify\">MVP Global Summit es un evento exclusivo de los MVP que dura varios d\u00edas y que se celebra en Bellevue y en la sede de Microsoft en Redmond (Washington). MVP Global Summit contar\u00e1 con un enorme cat\u00e1logo de discusiones muy t\u00e9cnicas y sesiones de aportaci\u00f3n de comentarios (solo en ingl\u00e9s) combinadas con oportunidades de interconexi\u00f3n entre MVP y los grupos de productos de Microsoft.<\/p>\n<p align=\"justify\">MVP Global Summit se celebrar\u00e1 la semana del 15 de marzo de 2020.<\/p>\n<p align=\"justify\">Saludos, a todos. Roberto Di Lello.<\/p>\n","protected":false},"excerpt":{"rendered":"<p>Esta semana estare asistiendo al Microsoft MVP Summit 2020. Nuevamente he sido invitado por Microsoft&#8230;<\/p>\n","protected":false},"author":1,"featured_media":4291,"comment_status":"open","ping_status":"open","sticky":false,"template":"","format":"standard","meta":{"_monsterinsights_skip_tracking":false,"_monsterinsights_sitenote_active":false,"_monsterinsights_sitenote_note":"","_monsterinsights_sitenote_category":0,"footnotes":""},"categories":[5],"tags":[205,204,189],"class_list":["post-4229","post","type-post","status-publish","format-standard","has-post-thumbnail","hentry","category-videos-noticias","tag-microsoft","tag-mvp","tag-news"],"_links":{"self":[{"href":"https:\/\/www.radians.com.ar\/blog\/index.php?rest_route=\/wp\/v2\/posts\/4229","targetHints":{"allow":["GET"]}}],"collection":[{"href":"https:\/\/www.radians.com.ar\/blog\/index.php?rest_route=\/wp\/v2\/posts"}],"about":[{"href":"https:\/\/www.radians.com.ar\/blog\/index.php?rest_route=\/wp\/v2\/types\/post"}],"author":[{"embeddable":true,"href":"https:\/\/www.radians.com.ar\/blog\/index.php?rest_route=\/wp\/v2\/users\/1"}],"replies":[{"embeddable":true,"href":"https:\/\/www.radians.com.ar\/blog\/index.php?rest_route=%2Fwp%2Fv2%2Fcomments&post=4229"}],"version-history":[{"count":1,"href":"https:\/\/www.radians.com.ar\/blog\/index.php?rest_route=\/wp\/v2\/posts\/4229\/revisions"}],"predecessor-version":[{"id":4230,"href":"https:\/\/www.radians.com.ar\/blog\/index.php?rest_route=\/wp\/v2\/posts\/4229\/revisions\/4230"}],"wp:featuredmedia":[{"embeddable":true,"href":"https:\/\/www.radians.com.ar\/blog\/index.php?rest_route=\/wp\/v2\/media\/4291"}],"wp:attachment":[{"href":"https:\/\/www.radians.com.ar\/blog\/index.php?rest_route=%2Fwp%2Fv2%2Fmedia&parent=4229"}],"wp:term":[{"taxonomy":"category","embeddable":true,"href":"https:\/\/www.radians.com.ar\/blog\/index.php?rest_route=%2Fwp%2Fv2%2Fcategories&post=4229"},{"taxonomy":"post_tag","embeddable":true,"href":"https:\/\/www.radians.com.ar\/blog\/index.php?rest_route=%2Fwp%2Fv2%2Ftags&post=4229"}],"curies":[{"name":"wp","href":"https:\/\/api.w.org\/{rel}","templated":true}]}}