{"id":4073,"date":"2019-09-06T15:52:40","date_gmt":"2019-09-06T18:52:40","guid":{"rendered":"https:\/\/www.radians.com.ar\/blog\/?p=4073"},"modified":"2019-09-06T15:52:40","modified_gmt":"2019-09-06T18:52:40","slug":"la-ltima-actualizacin-acumulativa-de-microsoft-kb4512941-para-windows-10-1903-hace-que-la-bsqueda-de-windows-sea-inestimable","status":"publish","type":"post","link":"https:\/\/www.radians.com.ar\/blog\/?p=4073","title":{"rendered":"La &uacute;ltima actualizaci&oacute;n acumulativa de Microsoft (KB4512941) para Windows 10 1903 hace que la b&uacute;squeda de Windows sea inestimable"},"content":{"rendered":"<p align=\"justify\"><a href=\"https:\/\/www.radians.com.ar\/Articulos\/Images2019\/La-ltima-actualizacin-acumulativa-de-Mic_D95F\/windows_patch_security10-100734740-large.jpg\"><img loading=\"lazy\" decoding=\"async\" title=\"www.radians.com.ar\" style=\"margin: 5px; float: left; display: inline; background-image: none;\" border=\"0\" alt=\"www.radians.com.ar\" src=\"https:\/\/www.radians.com.ar\/Articulos\/Images2019\/La-ltima-actualizacin-acumulativa-de-Mic_D95F\/windows_patch_security10-100734740-large_thumb.jpg\" width=\"350\" align=\"left\" height=\"311\" \/><\/a>Seg\u00fan los informes, la \u00faltima actualizaci\u00f3n acumulativa de Microsoft KB4512941 para Windows 10 de mayo de 2019 (1903) est\u00e1 causando muchos problemas. Anteriormente informamos que KB4512941 tiene un error de uso elevado de la CPU , que Microsoft reconoci\u00f3 despu\u00e9s de que los usuarios informaron el problema en el foro de Microsoft y el centro de comentarios. Ahora, parece que ese no es el \u00fanico error en la \u00faltima actualizaci\u00f3n acumulativa. <\/p>\n<p align=\"justify\">Algunos usuarios ahora se quejan de que el \u00faltimo KB4512941 ha afectado negativamente el resultado de b\u00fasqueda de Windows, ya que ahora est\u00e1 devolviendo una p\u00e1gina en blanco a los usuarios afectados en lugar de los resultados deseados. <\/p>\n<p align=\"justify\">\u201cEl cuadro de b\u00fasqueda est\u00e1 ah\u00ed, pero cuando se busca algo, solo se muestra un cuadro negro sin mostrar ning\u00fan resultado. Desinstalar la actualizaci\u00f3n resuelve el problema &quot;, escribi\u00f3 un usuario en Feedback Hub. <\/p>\n<p align=\"justify\">Otro usuario corrobor\u00f3 una historia similar diciendo: &quot;Windows Search no funciona despu\u00e9s de instalar la \u00faltima actualizaci\u00f3n de Windows 10, no s\u00e9 qu\u00e9 hacer, prob\u00e9 el solucionador de problemas pero no encontr\u00e9 nada malo, tambi\u00e9n intent\u00e9 reiniciar la computadora y todo lo demas.&quot; . Sin embargo, en el lado positivo, Microsoft est\u00e1 invirtiendo actualmente el problema, seg\u00fan el estado de la publicaci\u00f3n de comentarios, pero no hay ning\u00fan anuncio oficial que reconozca el problema. \u00a1No hay soluci\u00f3n alternativa tampoco!<\/p>\n<p align=\"justify\"><a href=\"https:\/\/www.radians.com.ar\/Articulos\/Images2019\/La-ltima-actualizacin-acumulativa-de-Mic_D95F\/a1.jpg\"><img loading=\"lazy\" decoding=\"async\" title=\"www.radians.com.ar\" style=\"margin: 5px auto; float: none; display: block; background-image: none;\" border=\"0\" alt=\"www.radians.com.ar\" src=\"https:\/\/www.radians.com.ar\/Articulos\/Images2019\/La-ltima-actualizacin-acumulativa-de-Mic_D95F\/a1_thumb.jpg\" width=\"544\" height=\"278\" \/><\/a><\/p>\n<p align=\"justify\">KB4512941 tambi\u00e9n est\u00e1 causando problemas en el anillo Release Preview ya que algunos usuarios ahora se quejan de otro problema, como resultado de lo cual la actualizaci\u00f3n no se instala con un mensaje de error 0x800f081f en PC con Build 18362.327.<\/p>\n<p align=\"justify\"><a href=\"https:\/\/www.radians.com.ar\/Articulos\/Images2019\/La-ltima-actualizacin-acumulativa-de-Mic_D95F\/a2.jpg\"><img loading=\"lazy\" decoding=\"async\" title=\"www.radians.com.ar\" style=\"margin: 5px auto; float: none; display: block; background-image: none;\" border=\"0\" alt=\"www.radians.com.ar\" src=\"https:\/\/www.radians.com.ar\/Articulos\/Images2019\/La-ltima-actualizacin-acumulativa-de-Mic_D95F\/a2_thumb.jpg\" width=\"544\" height=\"512\" \/><\/a><\/p>\n<p align=\"justify\">&quot;Recib\u00ed este c\u00f3digo de error varias veces mientras intentaba actualizar Windows 10. Ejecut\u00e1ndose el 10.0.18362.327 en el Release Preview Ring (Windows Insider) en un dispositivo con Windows 10 Pro (x64)&quot;, dijo un usuario. Una vez m\u00e1s, no hay palabras de Microsoft sobre el problema de instalaci\u00f3n todav\u00eda.<\/p>\n<p>Saludos, Roberto Di Lello.<\/p>\n","protected":false},"excerpt":{"rendered":"<p>Seg\u00fan los informes, la \u00faltima actualizaci\u00f3n acumulativa de Microsoft KB4512941 para Windows 10 de mayo&#8230;<\/p>\n","protected":false},"author":1,"featured_media":4291,"comment_status":"open","ping_status":"open","sticky":false,"template":"","format":"standard","meta":{"_monsterinsights_skip_tracking":false,"_monsterinsights_sitenote_active":false,"_monsterinsights_sitenote_note":"","_monsterinsights_sitenote_category":0,"footnotes":""},"categories":[279],"tags":[353,304],"class_list":["post-4073","post","type-post","status-publish","format-standard","has-post-thumbnail","hentry","category-windows-10","tag-insider","tag-windows-10"],"_links":{"self":[{"href":"https:\/\/www.radians.com.ar\/blog\/index.php?rest_route=\/wp\/v2\/posts\/4073","targetHints":{"allow":["GET"]}}],"collection":[{"href":"https:\/\/www.radians.com.ar\/blog\/index.php?rest_route=\/wp\/v2\/posts"}],"about":[{"href":"https:\/\/www.radians.com.ar\/blog\/index.php?rest_route=\/wp\/v2\/types\/post"}],"author":[{"embeddable":true,"href":"https:\/\/www.radians.com.ar\/blog\/index.php?rest_route=\/wp\/v2\/users\/1"}],"replies":[{"embeddable":true,"href":"https:\/\/www.radians.com.ar\/blog\/index.php?rest_route=%2Fwp%2Fv2%2Fcomments&post=4073"}],"version-history":[{"count":1,"href":"https:\/\/www.radians.com.ar\/blog\/index.php?rest_route=\/wp\/v2\/posts\/4073\/revisions"}],"predecessor-version":[{"id":4074,"href":"https:\/\/www.radians.com.ar\/blog\/index.php?rest_route=\/wp\/v2\/posts\/4073\/revisions\/4074"}],"wp:featuredmedia":[{"embeddable":true,"href":"https:\/\/www.radians.com.ar\/blog\/index.php?rest_route=\/wp\/v2\/media\/4291"}],"wp:attachment":[{"href":"https:\/\/www.radians.com.ar\/blog\/index.php?rest_route=%2Fwp%2Fv2%2Fmedia&parent=4073"}],"wp:term":[{"taxonomy":"category","embeddable":true,"href":"https:\/\/www.radians.com.ar\/blog\/index.php?rest_route=%2Fwp%2Fv2%2Fcategories&post=4073"},{"taxonomy":"post_tag","embeddable":true,"href":"https:\/\/www.radians.com.ar\/blog\/index.php?rest_route=%2Fwp%2Fv2%2Ftags&post=4073"}],"curies":[{"name":"wp","href":"https:\/\/api.w.org\/{rel}","templated":true}]}}