{"id":1927,"date":"2013-02-14T11:38:12","date_gmt":"2013-02-14T14:38:12","guid":{"rendered":"http:\/\/www.radians.com.ar\/blog\/?p=1927"},"modified":"2018-01-16T15:24:39","modified_gmt":"2018-01-16T18:24:39","slug":"entrevista-audiencias-tecnicas-latam","status":"publish","type":"post","link":"https:\/\/www.radians.com.ar\/blog\/?p=1927","title":{"rendered":"Entrevista Audiencias Tecnicas Latam"},"content":{"rendered":"<p align=\"justify\"><a href=\"http:\/\/www.radians.com.ar\/Articulos\/Images\/Entrevista-Audiencias-Tecnicas-Latam_A1C0\/mslogo_large_verge_medium_landscape.jpg\"><img loading=\"lazy\" decoding=\"async\" title=\"mslogo_large_verge_medium_landscape\" style=\"border-top: 0px; border-right: 0px; background-image: none; border-bottom: 0px; float: left; padding-top: 0px; padding-left: 0px; margin: 5px; border-left: 0px; display: inline; padding-right: 0px\" border=\"0\" alt=\"mslogo_large_verge_medium_landscape\" align=\"left\" src=\"http:\/\/www.radians.com.ar\/Articulos\/Images\/Entrevista-Audiencias-Tecnicas-Latam_A1C0\/mslogo_large_verge_medium_landscape_thumb.jpg\" width=\"260\" height=\"78\" \/><\/a><font size=\"2\">Buenos d\u00edas, hoy quer\u00eda compartir con ustedes la entrevista que me realizaron para Audiencias T\u00e9cnicas de Latinoam\u00e9rica.<\/font><\/p>\n<p align=\"justify\"><font size=\"2\">Muchas gracias a todos, Roberto Di Lello.<\/font><\/p>\n<h4 align=\"justify\">1. \u00bfQui\u00e9n eres en tus propias palabras?<\/h4>\n<p align=\"justify\"><font size=\"2\">Un apasionado por la tecnolog\u00eda; que tiene la posibilidad de compartir sus experiencias con los dem\u00e1s, y colaborar con la comunidad en distintas actividades.<\/font><\/p>\n<h4 align=\"justify\">2. \u00bfQu\u00e9 ha sido lo que te ha motivado para trabajar con tecnolog\u00edas Microsoft?<\/h4>\n<p align=\"justify\"><font size=\"2\">Como dije antes, al ser un apasionado de la tecnolog\u00eda, mi trabajo y la presencia de Microsoft en el mundo ha ido uni\u00e9ndome cada vez m\u00e1s con sus productos. De hecho ya llevo m\u00e1s de 15 a\u00f1os de carrera y siempre relacionado con MS.<\/font><\/p>\n<h4 align=\"justify\">3. \u00bfQu\u00e9 hace que t\u00fa seas un excelente profesional?<\/h4>\n<p align=\"justify\"><font size=\"2\">Creo que eso lo deber\u00eda decir la gente, pero pienso que el hecho de ayudar a distintas personas con sus problemas tecnol\u00f3gicos y todos los buenos comentarios y mensajes que recibo en mi blog hacen que marque la diferencia. Realmente es muy satisfactorio saber que pudiste ayudar a alguien con lo que haces.<\/font><\/p>\n<h4 align=\"justify\">4. \u00bfCu\u00e1l es la mejor cosa que te ha pasado desde que trabajas con Microsoft?<\/h4>\n<p align=\"justify\"><font size=\"2\">Un hito en mi carrera fue convertirme en MVP, ya llevo 4 a\u00f1os y si Dios quiere ire por un quinto. Esto me ha dado la posibilidad de capacitarme a\u00fan m\u00e1s, de viajar, de conocer mucha gente, de estar en MSFT en Seattle; y sobre todo hacer muchas amistades a pesar de las distancias.<\/font><\/p>\n<h4 align=\"justify\">5. Microsoft ha renovado toda su gama de productos, \u00bfQu\u00e9 puedes decirnos de los m\u00e1s recientes?<\/h4>\n<p align=\"justify\"><font size=\"2\">Son totalmente innovadores, Windows Server 2012 es uno de mis favoritos ya que es el producto en el cual soy especialista. Windows 8 es un cambio fuerte y realmente es excelente tanto en entornos dom\u00e9sticos como corporativos. Y obviamente no podemos olvidarnos de dos cl\u00e1sicos: Exchange y Lync Server; que nos brindan todo un nuevo ambiente de comunicaciones unificadas y much\u00edsimas mejoras con respecto a las versiones anteriores.<\/font><\/p>\n<h4 align=\"justify\">6. \u00bfCu\u00e9ntanos cu\u00e1l de los m\u00e1s recientes productos crees que tiene mas funcionabilidad en lo que haces?<\/h4>\n<p align=\"justify\"><font size=\"2\">Sin dudas, Windows Server 2012 y Windows 8, ya que son las soluciones de cliente-servidor que m\u00e1s impactan en mi carrera y en las que soy especialista. Por ejemplo, Windows Server 2012 tiene un mont\u00f3n de mejoras y funcionalidades que har\u00e1n m\u00e1s f\u00e1cil la vida de los administradores y mucho m\u00e1s productivas las organizaciones. <\/font><\/p>\n<h4 align=\"justify\">7. \u00bfQu\u00e9 contiene tu \u201cComputer Bag\u201d?<\/h4>\n<p align=\"justify\"><font size=\"2\">Notebook y fuente, disco externo, pen drives varios, mi arc mouse y un cable de red (por las dudas, nunca se sabe).<\/font><\/p>\n<h4 align=\"justify\">8. \u00bfTienes alguna experiencia laboral interesante para contarle a la comunidad de Microsoft en Latinoam\u00e9rica acerca de estos productos?<\/h4>\n<p align=\"justify\"><font size=\"2\">Hace un tiempo particip\u00e9 en un proyecto de migraci\u00f3n de un Active Directory a 2008 en una arquitectura grande, con varios servidores y varios sitios. <\/font><\/p>\n<p align=\"justify\"><font size=\"2\">Mi intervenci\u00f3n fue a partir de la segunda mitad del proceso, reemplazando a otro equipo de trabajo. El panorama al comenzar no era bueno, y el proyecto no avanzaba. La documentaci\u00f3n ya estaba presentada y era pobre. Para reflotar y llegar a tiempo con el cronograma tuvimos que redise\u00f1ar toda la arquitectura, la documentaci\u00f3n, realizar nuevamente laboratorios, para una vez testeado todo, poder darle curso a la implementaci\u00f3n. <\/font><\/p>\n<p align=\"justify\"><font size=\"2\">Fue un arduo trabajo, ya que al estar presentada la documentaci\u00f3n, el cliente no estaba conforme con cambiarla nuevamente y hubo que fundamentar muy bien el caso; pero finalmente el proyecto sali\u00f3 muy bien y termino en tiempo y forma.<\/font><\/p>\n<p align=\"justify\"><font size=\"2\">Entonces, la conclusi\u00f3n (y recomendaci\u00f3n) es siempre documentar bien los proyectos, tomar el tiempo necesario para dise\u00f1ar y planificar, que por m\u00e1s f\u00e1cil que parezca siempre cada proyecto tiene su punto cr\u00edtico y que si no nos tomamos el tiempo para planificarlos, una vez que avanz\u00f3 no siempre es f\u00e1cil volver a empezar, o incluso reparar los errores producidos.<\/font><\/p>\n<h4 align=\"justify\">9. Nombra 3 recursos indispensables que quieras recomendarle a la comunidad sobre el producto<\/h4>\n<p align=\"justify\"><font size=\"2\">Directory Services (Active Directory), el base de cualquier arquitectura; DNS el feature m\u00e1s importante de nuestra red y generalmente donde se presentan los problemas de las empresas, y PowerShell, que considero que es el feature que m\u00e1s est\u00e1 creciendo en el \u00faltimo tiempo ya que lo podemos utilizar en todas las aplicaciones y nos facilita las tareas de configuraci\u00f3n y deployment masivos.<\/font><\/p>\n","protected":false},"excerpt":{"rendered":"<p>Buenos d\u00edas, hoy quer\u00eda compartir con ustedes la entrevista que me realizaron para Audiencias T\u00e9cnicas&#8230;<\/p>\n","protected":false},"author":1,"featured_media":4291,"comment_status":"closed","ping_status":"closed","sticky":false,"template":"","format":"standard","meta":{"_monsterinsights_skip_tracking":false,"_monsterinsights_sitenote_active":false,"_monsterinsights_sitenote_note":"","_monsterinsights_sitenote_category":0,"footnotes":""},"categories":[5],"tags":[214],"class_list":["post-1927","post","type-post","status-publish","format-standard","has-post-thumbnail","hentry","category-videos-noticias","tag-blog-news"],"_links":{"self":[{"href":"https:\/\/www.radians.com.ar\/blog\/index.php?rest_route=\/wp\/v2\/posts\/1927","targetHints":{"allow":["GET"]}}],"collection":[{"href":"https:\/\/www.radians.com.ar\/blog\/index.php?rest_route=\/wp\/v2\/posts"}],"about":[{"href":"https:\/\/www.radians.com.ar\/blog\/index.php?rest_route=\/wp\/v2\/types\/post"}],"author":[{"embeddable":true,"href":"https:\/\/www.radians.com.ar\/blog\/index.php?rest_route=\/wp\/v2\/users\/1"}],"replies":[{"embeddable":true,"href":"https:\/\/www.radians.com.ar\/blog\/index.php?rest_route=%2Fwp%2Fv2%2Fcomments&post=1927"}],"version-history":[{"count":1,"href":"https:\/\/www.radians.com.ar\/blog\/index.php?rest_route=\/wp\/v2\/posts\/1927\/revisions"}],"predecessor-version":[{"id":3561,"href":"https:\/\/www.radians.com.ar\/blog\/index.php?rest_route=\/wp\/v2\/posts\/1927\/revisions\/3561"}],"wp:featuredmedia":[{"embeddable":true,"href":"https:\/\/www.radians.com.ar\/blog\/index.php?rest_route=\/wp\/v2\/media\/4291"}],"wp:attachment":[{"href":"https:\/\/www.radians.com.ar\/blog\/index.php?rest_route=%2Fwp%2Fv2%2Fmedia&parent=1927"}],"wp:term":[{"taxonomy":"category","embeddable":true,"href":"https:\/\/www.radians.com.ar\/blog\/index.php?rest_route=%2Fwp%2Fv2%2Fcategories&post=1927"},{"taxonomy":"post_tag","embeddable":true,"href":"https:\/\/www.radians.com.ar\/blog\/index.php?rest_route=%2Fwp%2Fv2%2Ftags&post=1927"}],"curies":[{"name":"wp","href":"https:\/\/api.w.org\/{rel}","templated":true}]}}