{"id":1904,"date":"2013-01-10T09:32:22","date_gmt":"2013-01-10T12:32:22","guid":{"rendered":"http:\/\/www.radians.com.ar\/blog\/?p=1904"},"modified":"2013-01-10T09:40:38","modified_gmt":"2013-01-10T12:40:38","slug":"deadline-messenger-15-de-marzo-news","status":"publish","type":"post","link":"https:\/\/www.radians.com.ar\/blog\/?p=1904","title":{"rendered":"DEADLINE Messenger: 15 de Marzo {News}"},"content":{"rendered":"<p align=\"justify\"><font size=\"2\">Es la fecha elegida por<strong> Microsoft<\/strong> para que sus millones de usuarios emigren a<strong> Skype<\/strong>, que reemplazar\u00e1 al<strong> popular chat.<\/strong><\/font><\/p>\n<p align=\"justify\"><a href=\"http:\/\/www.radians.com.ar\/Articulos\/Images\/9379b7fdb1d7_851D\/158376.jpg\"><font size=\"2\"><a href=\"http:\/\/www.radians.com.ar\/Articulos\/Images\/9379b7fdb1d7_851D\/158376.jpg\"><img loading=\"lazy\" decoding=\"async\" title=\"158376\" style=\"border-top: 0px; border-right: 0px; background-image: none; border-bottom: 0px; padding-top: 0px; padding-left: 0px; margin: 5px; border-left: 0px; display: inline; padding-right: 0px\" border=\"0\" alt=\"158376\" src=\"http:\/\/www.radians.com.ar\/Articulos\/Images\/9379b7fdb1d7_851D\/158376_thumb.jpg\" width=\"484\" height=\"364\" \/><\/a><\/font><\/a><\/p>\n<p align=\"justify\"><a href=\"http:\/\/america.infobae.com\/notas\/60991-Microsoft-confirm-el-fin-del-Messenger\"><font size=\"2\"><strong>Microsoft<\/strong> confirm\u00f3 a sus<strong> m\u00e1s de 100 millones de usuarios<\/strong> del <strong>Messenge<\/strong>r <\/font><\/a><font size=\"2\">que el servicio cerrar\u00e1 el <strong>15 de marzo<\/strong>. En esa fecha, los internautas deber\u00e1n emigrar a <strong>Skype<\/strong>, el servicio VoIP que compr\u00f3 en mayo de 2011 por <strong>US$ 8.500 millones<\/strong>.<\/font><\/p>\n<p align=\"justify\"><font size=\"2\">El servicio de mensajer\u00eda m\u00e1s popular en su momento<strong> s\u00f3lo seguir\u00e1 activo en China<\/strong>, ya que en ese pa\u00eds Skype opera a trav\u00e9s del operador local llamado TOM.<\/font><\/p>\n<p align=\"justify\"><a href=\"http:\/\/www.radians.com.ar\/Articulos\/Images\/9379b7fdb1d7_851D\/165785.jpg\"><font size=\"2\"><img loading=\"lazy\" decoding=\"async\" title=\"165785\" style=\"border-top: 0px; border-right: 0px; background-image: none; border-bottom: 0px; padding-top: 0px; padding-left: 0px; margin: 5px; border-left: 0px; display: inline; padding-right: 0px\" border=\"0\" alt=\"165785\" src=\"http:\/\/www.radians.com.ar\/Articulos\/Images\/9379b7fdb1d7_851D\/165785_thumb.jpg\" width=\"264\" height=\"199\" \/><\/font><\/a><a href=\"http:\/\/www.radians.com.ar\/Articulos\/Images\/9379b7fdb1d7_851D\/158229.jpg\"><font size=\"2\"><img loading=\"lazy\" decoding=\"async\" title=\"158229\" style=\"border-top: 0px; border-right: 0px; background-image: none; border-bottom: 0px; padding-top: 0px; padding-left: 0px; margin: 5px; border-left: 0px; display: inline; padding-right: 0px\" border=\"0\" alt=\"158229\" src=\"http:\/\/www.radians.com.ar\/Articulos\/Images\/9379b7fdb1d7_851D\/158229_thumb.jpg\" width=\"264\" height=\"199\" \/><\/font><\/a><\/p>\n<p align=\"justify\"><font size=\"2\">Microsoft hab\u00eda confirmado el fin del Messenger el 6 de noviembre pasado. <strong>&quot;Tenemos grandes noticias que compartir contigo. Skype y Messenger se unen<\/strong>&quot;, hab\u00eda comunicado la firma en su <\/font><a href=\"http:\/\/blogs.skype.com\/es\/2012\/11\/habla_con_tus_contactos_de_mes.html\"><font size=\"2\">blog <\/font><\/a><font size=\"2\">oficial.<\/font><\/p>\n<p align=\"justify\"><font size=\"2\">As\u00ed convalid\u00f3 el rumor que apuntaba que <strong><a href=\"http:\/\/america.infobae.com\/notas\/60921-Microsoft-da-de-baja-el-Messenger\">ten\u00eda intenci\u00f3n de eliminar Windows Live Messenger<\/a><\/strong> y reemplazarlo por Skype.&#160; <\/font><\/p>\n<p align=\"justify\"><font size=\"2\">Los usuarios de Messenger podr\u00e1n disfrutar este a\u00f1o de mensajer\u00eda instant\u00e1nea, video y llamadas a fijos y m\u00f3viles, todo desde el mismo lugar. El programa contar\u00e1 con un soporte m\u00e1s amplio para todo tipo de dispositivos, incluyendo tabletas <strong>iPad<\/strong> y <strong>Android<\/strong>.<\/font><\/p>\n<p align=\"justify\"><font size=\"2\">Haga <\/font><a href=\"http:\/\/www.skype.com\/intl\/en\/get-skype\/on-your-computer\/windows-live-messenger\/\"><font size=\"2\">clic para descargar Skype 6.0<\/font><\/a><font size=\"2\">.<\/font><\/p>\n<p align=\"justify\"><font size=\"2\">Fuente: <a href=\"http:\/\/america.infobae.com\/notas\/64552-El-Messenger-dara-su-ultimo-zumbido-el-15-de-marzo-\">InfoBAE.com<\/a><\/font><\/p>\n","protected":false},"excerpt":{"rendered":"<p>Es la fecha elegida por Microsoft para que sus millones de usuarios emigren a Skype,&#8230;<\/p>\n","protected":false},"author":1,"featured_media":4291,"comment_status":"closed","ping_status":"closed","sticky":false,"template":"","format":"standard","meta":{"_monsterinsights_skip_tracking":false,"_monsterinsights_sitenote_active":false,"_monsterinsights_sitenote_note":"","_monsterinsights_sitenote_category":0,"footnotes":""},"categories":[5],"tags":[],"class_list":["post-1904","post","type-post","status-publish","format-standard","has-post-thumbnail","hentry","category-videos-noticias"],"_links":{"self":[{"href":"https:\/\/www.radians.com.ar\/blog\/index.php?rest_route=\/wp\/v2\/posts\/1904","targetHints":{"allow":["GET"]}}],"collection":[{"href":"https:\/\/www.radians.com.ar\/blog\/index.php?rest_route=\/wp\/v2\/posts"}],"about":[{"href":"https:\/\/www.radians.com.ar\/blog\/index.php?rest_route=\/wp\/v2\/types\/post"}],"author":[{"embeddable":true,"href":"https:\/\/www.radians.com.ar\/blog\/index.php?rest_route=\/wp\/v2\/users\/1"}],"replies":[{"embeddable":true,"href":"https:\/\/www.radians.com.ar\/blog\/index.php?rest_route=%2Fwp%2Fv2%2Fcomments&post=1904"}],"version-history":[{"count":2,"href":"https:\/\/www.radians.com.ar\/blog\/index.php?rest_route=\/wp\/v2\/posts\/1904\/revisions"}],"predecessor-version":[{"id":1906,"href":"https:\/\/www.radians.com.ar\/blog\/index.php?rest_route=\/wp\/v2\/posts\/1904\/revisions\/1906"}],"wp:featuredmedia":[{"embeddable":true,"href":"https:\/\/www.radians.com.ar\/blog\/index.php?rest_route=\/wp\/v2\/media\/4291"}],"wp:attachment":[{"href":"https:\/\/www.radians.com.ar\/blog\/index.php?rest_route=%2Fwp%2Fv2%2Fmedia&parent=1904"}],"wp:term":[{"taxonomy":"category","embeddable":true,"href":"https:\/\/www.radians.com.ar\/blog\/index.php?rest_route=%2Fwp%2Fv2%2Fcategories&post=1904"},{"taxonomy":"post_tag","embeddable":true,"href":"https:\/\/www.radians.com.ar\/blog\/index.php?rest_route=%2Fwp%2Fv2%2Ftags&post=1904"}],"curies":[{"name":"wp","href":"https:\/\/api.w.org\/{rel}","templated":true}]}}