{"id":1609,"date":"2012-03-28T06:00:00","date_gmt":"2012-03-28T09:00:00","guid":{"rendered":"http:\/\/www.radians.com.ar\/blog\/?p=1609"},"modified":"2012-03-17T15:01:26","modified_gmt":"2012-03-17T18:01:26","slug":"google-arruino-la-compaa-news","status":"publish","type":"post","link":"https:\/\/www.radians.com.ar\/blog\/?p=1609","title":{"rendered":"Google+ arruino la compa&ntilde;&iacute;a {News}"},"content":{"rendered":"<p align=\"justify\"><font size=\"2\">Un ex empleado del buscador se\u00f1al\u00f3 que todo lo que no ten\u00eda que ver con el desarrollo de la red social se ve como una distracci\u00f3n. <strong>&quot;Los antiguos d\u00edas en los que contrataban a personas inteligentes para inventar el futuro se terminaron&quot;, dijo.<\/strong><\/font><\/p>\n<p align=\"justify\"><a href=\"http:\/\/www.radians.com.ar\/Articulos\/Images\/0b04edf50161_D0B7\/600x0_503244.gif\"><font size=\"2\"><a href=\"http:\/\/www.radians.com.ar\/Articulos\/Images\/0b04edf50161_D0B7\/600x0_503244.gif\"><img loading=\"lazy\" decoding=\"async\" style=\"background-image: none; border-bottom: 0px; border-left: 0px; margin: 5px auto; padding-left: 0px; padding-right: 0px; display: block; float: none; border-top: 0px; border-right: 0px; padding-top: 0px\" title=\"600x0_503244\" border=\"0\" alt=\"600x0_503244\" src=\"http:\/\/www.radians.com.ar\/Articulos\/Images\/0b04edf50161_D0B7\/600x0_503244_thumb.gif\" width=\"404\" height=\"304\" \/><\/a><\/font><\/a><\/p>\n<p align=\"justify\"><font size=\"2\"><strong>James Whittaker<\/strong> ingres\u00f3 como ingeniero a Google en 2009 con mucho entusiasmo, pero <strong>a principio de 2012 abandon\u00f3 la compa\u00f1\u00eda<\/strong> desilusionado por el rumbo que estaban tomando las cosas.<\/font><\/p>\n<p align=\"justify\"><font size=\"2\">Entre sus acusaciones, Whittaker expres\u00f3 que el proyecto de la red social Google+ arruin\u00f3 la compa\u00f1\u00eda. &quot;<strong>Lo que no ten\u00eda que ver con el desarrollo de la red social se ve como una distracci\u00f3n<\/strong>&quot;, dijo.<\/font><\/p>\n<p align=\"justify\"><font size=\"2\">El ex empleado dividi\u00f3 su estad\u00eda en Google en un antes y un despu\u00e9s en la empresa, teniendo como eje el desarrollo del sitio, y ese <strong>&quot;despu\u00e9s&quot; fue bastante terrible, &quot;simplemente por querer competir con Facebook y quedarse atr\u00e1s en el intento&quot;, agreg\u00f3.<\/strong><\/font><\/p>\n<p align=\"justify\"><font size=\"2\">&quot;No fue una decisi\u00f3n f\u00e1cil dejar de Google. Durante mi estancia all\u00ed estuve encantado pero mis \u00faltimos tres meses de trabajo fueron un torbellino de desesperaci\u00f3n, lo que consigui\u00f3 que mi pasi\u00f3n disminuyera&quot;, asegur\u00f3 Whittaker en su blog personal.<\/font><\/p>\n<p align=\"justify\"><font size=\"2\">&quot;Seg\u00fan Eric Schmidt los anuncios estaban siempre de fondo. Los ingresos por publicidad nos daban el espacio necesario para pensar, innovar y crear. Foros como &#8216;App Engine&#8217; o &#8216;Google Labs&#8217; sirvieron como lugar de exposici\u00f3n de nuestros inventos&quot;, indic\u00f3.<\/font><\/p>\n<p align=\"justify\"><font size=\"2\">Pero todo cambi\u00f3 con Google+, que se convirti\u00f3 en el objetivo n\u00famero uno de la empresa &quot;y todo lo que no apoyara a Google+ era visto como una distracci\u00f3n&quot;, concluy\u00f3 Whittaker.<\/font><\/p>\n<p align=\"justify\"><font size=\"2\">Fuente: <a href=\"http:\/\/www.infobae.com\/notas\/637201-Google-arruino-la-compania.html\">infoBAE.com<\/a><\/font><\/p>\n","protected":false},"excerpt":{"rendered":"<p>Un ex empleado del buscador se\u00f1al\u00f3 que todo lo que no ten\u00eda que ver con&#8230;<\/p>\n","protected":false},"author":1,"featured_media":4291,"comment_status":"closed","ping_status":"closed","sticky":false,"template":"","format":"standard","meta":{"_monsterinsights_skip_tracking":false,"_monsterinsights_sitenote_active":false,"_monsterinsights_sitenote_note":"","_monsterinsights_sitenote_category":0,"footnotes":""},"categories":[5],"tags":[],"class_list":["post-1609","post","type-post","status-publish","format-standard","has-post-thumbnail","hentry","category-videos-noticias"],"_links":{"self":[{"href":"https:\/\/www.radians.com.ar\/blog\/index.php?rest_route=\/wp\/v2\/posts\/1609","targetHints":{"allow":["GET"]}}],"collection":[{"href":"https:\/\/www.radians.com.ar\/blog\/index.php?rest_route=\/wp\/v2\/posts"}],"about":[{"href":"https:\/\/www.radians.com.ar\/blog\/index.php?rest_route=\/wp\/v2\/types\/post"}],"author":[{"embeddable":true,"href":"https:\/\/www.radians.com.ar\/blog\/index.php?rest_route=\/wp\/v2\/users\/1"}],"replies":[{"embeddable":true,"href":"https:\/\/www.radians.com.ar\/blog\/index.php?rest_route=%2Fwp%2Fv2%2Fcomments&post=1609"}],"version-history":[{"count":2,"href":"https:\/\/www.radians.com.ar\/blog\/index.php?rest_route=\/wp\/v2\/posts\/1609\/revisions"}],"predecessor-version":[{"id":1615,"href":"https:\/\/www.radians.com.ar\/blog\/index.php?rest_route=\/wp\/v2\/posts\/1609\/revisions\/1615"}],"wp:featuredmedia":[{"embeddable":true,"href":"https:\/\/www.radians.com.ar\/blog\/index.php?rest_route=\/wp\/v2\/media\/4291"}],"wp:attachment":[{"href":"https:\/\/www.radians.com.ar\/blog\/index.php?rest_route=%2Fwp%2Fv2%2Fmedia&parent=1609"}],"wp:term":[{"taxonomy":"category","embeddable":true,"href":"https:\/\/www.radians.com.ar\/blog\/index.php?rest_route=%2Fwp%2Fv2%2Fcategories&post=1609"},{"taxonomy":"post_tag","embeddable":true,"href":"https:\/\/www.radians.com.ar\/blog\/index.php?rest_route=%2Fwp%2Fv2%2Ftags&post=1609"}],"curies":[{"name":"wp","href":"https:\/\/api.w.org\/{rel}","templated":true}]}}