{"id":1602,"date":"2012-03-21T06:00:00","date_gmt":"2012-03-21T09:00:00","guid":{"rendered":"http:\/\/www.radians.com.ar\/blog\/?p=1602"},"modified":"2012-03-17T15:01:39","modified_gmt":"2012-03-17T18:01:39","slug":"google-y-mozilla-trabajan-para-adaptarse-a-la-nueva-interfaz-de-windows-8-2","status":"publish","type":"post","link":"https:\/\/www.radians.com.ar\/blog\/?p=1602","title":{"rendered":"Google y Mozilla trabajan para adaptarse a la nueva interfaz de Windows 8"},"content":{"rendered":"<p align=\"justify\"><font size=\"2\">La \u00faltima versi\u00f3n del sistema operativo de Microsoft incorpora una nueva manera de interactuar con los programas y aplicaciones mediante <strong>Metro<\/strong>, la renovada interfaz de Windows 8.<\/font><\/p>\n<p align=\"justify\"><a href=\"http:\/\/www.radians.com.ar\/Articulos\/Images\/Google-y-Mozilla-trabajan-para-adaptarse_CD42\/600x0_519042.jpg\"><font size=\"2\"><img loading=\"lazy\" decoding=\"async\" style=\"background-image: none; border-bottom: 0px; border-left: 0px; margin: 5px auto; padding-left: 0px; padding-right: 0px; display: block; float: none; border-top: 0px; border-right: 0px; padding-top: 0px\" title=\"600x0_519042\" border=\"0\" alt=\"600x0_519042\" src=\"http:\/\/www.radians.com.ar\/Articulos\/Images\/Google-y-Mozilla-trabajan-para-adaptarse_CD42\/600x0_519042_thumb.jpg\" width=\"404\" height=\"304\" \/><\/font><\/a><\/p>\n<p align=\"justify\"><font size=\"2\">Microsoft debi\u00f3 repensar su producto estrella para adaptarse a las nuevas costumbres de los usuarios gracias al uso intensivo de smartphones y tablets.<\/font><\/p>\n<p align=\"justify\"><font size=\"2\">Es por ello que el escritorio agrega Metro, pensada sobre todo para el uso en tablets, pero que tambi\u00e9n podr\u00e1 ser manejada con el mouse y el teclado. Metro est\u00e1 compuesta por bloques que brindan acceso a servicios online y aplicaciones, desplazando as\u00ed al cl\u00e1sico men\u00fa de inicio, la barra de tareas y los \u00edconos de escritorio.<\/font><\/p>\n<p align=\"justify\"><font size=\"2\">Si el usuario no desea esta manera de ver el contenido en su pantalla puede regresar a la apariencia tradicional.<\/font><\/p>\n<p align=\"justify\"><font size=\"2\">Y mientras Microsoft sue\u00f1a con llevar Windows 8 a las tablets y las PC, sus competidores trabajan intensamente para adaptarse a Metro.<\/font><\/p>\n<p align=\"justify\"><font size=\"2\">Mozilla inici\u00f3 el desarrollo de Firefox para Metro la semana pasada. As\u00ed lo confirm\u00f3 la misma Fundaci\u00f3n y algo del trabajo puede verse en el blog de Brian Bondy, ingeniero en Mozilla, y el espacio para desarrolladores.<\/font><\/p>\n<p align=\"justify\"><font size=\"2\">Es ahora Google la que confirm\u00f3 que trabaja en una versi\u00f3n de Chrome que funcione bajo el ambiente de Metro en Windows 8. Con esto queda claro que Internet Explorer seguir\u00e1 teniendo la misma competencia que en la actualidad.<\/font><\/p>\n<p align=\"justify\"><font size=\"2\">\u201cNuestra meta es que los usuarios tengan una experiencia de velocidad, simpleza y seguridad en Chrome, sea cual sea la plataforma. Eso incluye la versi\u00f3n para escritorio y Metro en Windows 8\u201d, dijo un vocero de Google a Mashable.<\/font><\/p>\n<p align=\"justify\"><font size=\"2\">\u201cPara ese fin estamos en proceso de crear una versi\u00f3n de Chrome para Metro y mejorando la versi\u00f3n de Chrome para escritorio en Windows 8, por ejemplo, agregando soporte t\u00e1ctil\u201d, sentenci\u00f3.<\/font><\/p>\n<p align=\"justify\"><font size=\"2\">Las primeras tablet con Windows 8 llegar\u00edan a fin de a\u00f1o, poco despu\u00e9s o al mismo tiempo de presentarse el sistema operativo de manera oficial.<\/font><\/p>\n<p align=\"justify\"><font size=\"2\">Windows 8 vendr\u00e1 con Internet Explorer 10 preinstalado, por lo que la competencia por ver qui\u00e9n desarrolla el mejor browser seguir\u00e1 intacta con las nuevas versiones de Chrome y Firefox.<\/font><\/p>\n<p align=\"justify\"><font size=\"2\">Se espera que Opera realice el anuncio sobre su desarrollo en las pr\u00f3ximas semanas y es una verdadera inc\u00f3gnita saber qu\u00e9 suceder\u00e1 con Apple y su browser Safari.<\/font><\/p>\n<p align=\"justify\"><font size=\"2\">Fuente: <a href=\"http:\/\/www.infobae.com\/notas\/637078-Google-y-Mozilla-trabajan-para-adaptarse-a-la-nueva-interfaz-de-Windows-8.html\">InfoBAE.com<\/a><\/font><\/p>\n","protected":false},"excerpt":{"rendered":"<p>La \u00faltima versi\u00f3n del sistema operativo de Microsoft incorpora una nueva manera de interactuar con&#8230;<\/p>\n","protected":false},"author":1,"featured_media":4291,"comment_status":"closed","ping_status":"closed","sticky":false,"template":"","format":"standard","meta":{"_monsterinsights_skip_tracking":false,"_monsterinsights_sitenote_active":false,"_monsterinsights_sitenote_note":"","_monsterinsights_sitenote_category":0,"footnotes":""},"categories":[5,297],"tags":[],"class_list":["post-1602","post","type-post","status-publish","format-standard","has-post-thumbnail","hentry","category-videos-noticias","category-windows-8"],"_links":{"self":[{"href":"https:\/\/www.radians.com.ar\/blog\/index.php?rest_route=\/wp\/v2\/posts\/1602","targetHints":{"allow":["GET"]}}],"collection":[{"href":"https:\/\/www.radians.com.ar\/blog\/index.php?rest_route=\/wp\/v2\/posts"}],"about":[{"href":"https:\/\/www.radians.com.ar\/blog\/index.php?rest_route=\/wp\/v2\/types\/post"}],"author":[{"embeddable":true,"href":"https:\/\/www.radians.com.ar\/blog\/index.php?rest_route=\/wp\/v2\/users\/1"}],"replies":[{"embeddable":true,"href":"https:\/\/www.radians.com.ar\/blog\/index.php?rest_route=%2Fwp%2Fv2%2Fcomments&post=1602"}],"version-history":[{"count":2,"href":"https:\/\/www.radians.com.ar\/blog\/index.php?rest_route=\/wp\/v2\/posts\/1602\/revisions"}],"predecessor-version":[{"id":1616,"href":"https:\/\/www.radians.com.ar\/blog\/index.php?rest_route=\/wp\/v2\/posts\/1602\/revisions\/1616"}],"wp:featuredmedia":[{"embeddable":true,"href":"https:\/\/www.radians.com.ar\/blog\/index.php?rest_route=\/wp\/v2\/media\/4291"}],"wp:attachment":[{"href":"https:\/\/www.radians.com.ar\/blog\/index.php?rest_route=%2Fwp%2Fv2%2Fmedia&parent=1602"}],"wp:term":[{"taxonomy":"category","embeddable":true,"href":"https:\/\/www.radians.com.ar\/blog\/index.php?rest_route=%2Fwp%2Fv2%2Fcategories&post=1602"},{"taxonomy":"post_tag","embeddable":true,"href":"https:\/\/www.radians.com.ar\/blog\/index.php?rest_route=%2Fwp%2Fv2%2Ftags&post=1602"}],"curies":[{"name":"wp","href":"https:\/\/api.w.org\/{rel}","templated":true}]}}