{"id":1487,"date":"2011-12-22T13:19:10","date_gmt":"2011-12-22T16:19:10","guid":{"rendered":"http:\/\/www.radians.com.ar\/blog\/?p=1487"},"modified":"2011-12-22T13:20:42","modified_gmt":"2011-12-22T16:20:42","slug":"microsoft-se-despide-de-internet-explorer-6-y-7","status":"publish","type":"post","link":"https:\/\/www.radians.com.ar\/blog\/?p=1487","title":{"rendered":"Microsoft se despide de Internet Explorer 6 y 7"},"content":{"rendered":"<p align=\"justify\">La compa\u00f1\u00eda brindar\u00e1 actualizaciones autom\u00e1ticas para los usuarios de Windows XP, Vista y 7. La intenci\u00f3n final es aumentar la seguridad de las computadoras y al mismo tiempo ofrecer navegadores m\u00e1s modernos.<\/p>\n<p><a href=\"http:\/\/www.radians.com.ar\/Articulos\/Images\/Microsoft-se-despide-de-Internet-Explore_8A33\/IE.jpg\"><img loading=\"lazy\" decoding=\"async\" style=\"background-image: none; border-bottom: 0px; border-left: 0px; margin: 5px; padding-left: 0px; padding-right: 0px; display: inline; border-top: 0px; border-right: 0px; padding-top: 0px\" title=\"IE\" border=\"0\" alt=\"IE\" src=\"http:\/\/www.radians.com.ar\/Articulos\/Images\/Microsoft-se-despide-de-Internet-Explore_8A33\/IE_thumb.jpg\" width=\"494\" height=\"372\" \/><\/a><\/p>\n<p align=\"justify\">Las dos versiones que se despedir\u00e1n con esta decisi\u00f3n son la 6 y la 7 de Internet Explorer, dos browsers muy antiguos y a los que numerosos sitios web dejaron de dar soporte. Incluso, algunos piden &quot;matar&quot; al IE6.<\/p>\n<p align=\"justify\">Ambas versiones son muy populares entre algunos segmentos de usuarios, sobre todo, el corporativo.<\/p>\n<p align=\"justify\">Asimismo, aquellas personas que hayan rechazado en su momento una actualizaci\u00f3n de Internet Explorer mediante Windows Update no recibir\u00e1n esta actualizaci\u00f3n autom\u00e1tica. S\u00ed podr\u00e1n decidir hacer el upgrade de manera manual.<\/p>\n<p align=\"justify\">Con esto, los usuarios de Windows XP pasar\u00e1n a tener Internet Explorer 8, ya que la \u00faltima versi\u00f3n no es compatible con ese sistema operativo.<\/p>\n<p align=\"justify\">Aquellos que tengan en sus computadoras Windows Vista o 7 comenzar\u00e1n a ver que Microsoft actualizar\u00e1 sus sistemas con Internet Explorer 9.<\/p>\n<p align=\"justify\">Las actualizaciones autom\u00e1ticas para IE comenzar\u00e1n en enero en Australia y en Brasil. Despu\u00e9s, durante el a\u00f1o, empezar\u00e1n a funcionar en otros pa\u00edses, dijo la compa\u00f1\u00eda.<\/p>\n<p>Fuente: <a href=\"http:\/\/www.infobae.com\/notas\/622312-Microsoft-se-despide-de-Internet-Explorer-6-y-7.html\">Infobae.com<\/a><\/p>\n<h2>Mas Informaci\u00f3n:<\/h2>\n<ul>\n<li><a title=\"http:\/\/www.infobae.com\/notas\/618851-Internet-Explorer-6-debe-morir.html\" href=\"http:\/\/www.infobae.com\/notas\/618851-Internet-Explorer-6-debe-morir.html\">Internet Explorer 6 debe morir<\/a> <\/li>\n<li><a href=\"http:\/\/windowsteamblog.com\/ie\/b\/ie\/archive\/2011\/12\/15\/ie-to-start-automatic-upgrades-across-windows-xp-windows-vista-and-windows-7.aspx\">IE to Start Automatic Upgrades across Windows XP, Windows Vista, and Windows 7<\/a> <\/li>\n<\/ul>\n","protected":false},"excerpt":{"rendered":"<p>La compa\u00f1\u00eda brindar\u00e1 actualizaciones autom\u00e1ticas para los usuarios de Windows XP, Vista y 7. La&#8230;<\/p>\n","protected":false},"author":1,"featured_media":4291,"comment_status":"closed","ping_status":"closed","sticky":false,"template":"","format":"standard","meta":{"_monsterinsights_skip_tracking":false,"_monsterinsights_sitenote_active":false,"_monsterinsights_sitenote_note":"","_monsterinsights_sitenote_category":0,"footnotes":""},"categories":[5],"tags":[],"class_list":["post-1487","post","type-post","status-publish","format-standard","has-post-thumbnail","hentry","category-videos-noticias"],"_links":{"self":[{"href":"https:\/\/www.radians.com.ar\/blog\/index.php?rest_route=\/wp\/v2\/posts\/1487","targetHints":{"allow":["GET"]}}],"collection":[{"href":"https:\/\/www.radians.com.ar\/blog\/index.php?rest_route=\/wp\/v2\/posts"}],"about":[{"href":"https:\/\/www.radians.com.ar\/blog\/index.php?rest_route=\/wp\/v2\/types\/post"}],"author":[{"embeddable":true,"href":"https:\/\/www.radians.com.ar\/blog\/index.php?rest_route=\/wp\/v2\/users\/1"}],"replies":[{"embeddable":true,"href":"https:\/\/www.radians.com.ar\/blog\/index.php?rest_route=%2Fwp%2Fv2%2Fcomments&post=1487"}],"version-history":[{"count":1,"href":"https:\/\/www.radians.com.ar\/blog\/index.php?rest_route=\/wp\/v2\/posts\/1487\/revisions"}],"predecessor-version":[{"id":1488,"href":"https:\/\/www.radians.com.ar\/blog\/index.php?rest_route=\/wp\/v2\/posts\/1487\/revisions\/1488"}],"wp:featuredmedia":[{"embeddable":true,"href":"https:\/\/www.radians.com.ar\/blog\/index.php?rest_route=\/wp\/v2\/media\/4291"}],"wp:attachment":[{"href":"https:\/\/www.radians.com.ar\/blog\/index.php?rest_route=%2Fwp%2Fv2%2Fmedia&parent=1487"}],"wp:term":[{"taxonomy":"category","embeddable":true,"href":"https:\/\/www.radians.com.ar\/blog\/index.php?rest_route=%2Fwp%2Fv2%2Fcategories&post=1487"},{"taxonomy":"post_tag","embeddable":true,"href":"https:\/\/www.radians.com.ar\/blog\/index.php?rest_route=%2Fwp%2Fv2%2Ftags&post=1487"}],"curies":[{"name":"wp","href":"https:\/\/api.w.org\/{rel}","templated":true}]}}