{"id":1416,"date":"2011-09-09T11:11:48","date_gmt":"2011-09-09T14:11:48","guid":{"rendered":"http:\/\/www.radians.com.ar\/blog\/?p=1416"},"modified":"2011-09-09T11:11:48","modified_gmt":"2011-09-09T14:11:48","slug":"administracion-de-entornos-virtuales-en-nuestro-active-directory-hyper-v-a-vpc-virtual-pc-y-vpc-a-hyper-v-howto","status":"publish","type":"post","link":"https:\/\/www.radians.com.ar\/blog\/?p=1416","title":{"rendered":"Administracion de entornos Virtuales en nuestro Active Directory: Hyper-V a VPC (Virtual PC) y VPC a Hyper-V {HowTo}"},"content":{"rendered":"<p align=\"justify\"><font size=\"2\"><a href=\"http:\/\/www.radians.com.ar\/Articulos\/Images\/6ef5b5c6a61d_DC14\/Microsoft_Windows_Virtual_PC_logo.png\"><img loading=\"lazy\" decoding=\"async\" style=\"background-image: none; border-right-width: 0px; margin: 5px; padding-left: 0px; padding-right: 0px; display: inline; float: left; border-top-width: 0px; border-bottom-width: 0px; border-left-width: 0px; padding-top: 0px\" title=\"Microsoft_Windows_Virtual_PC_logo\" border=\"0\" alt=\"Microsoft_Windows_Virtual_PC_logo\" align=\"left\" src=\"http:\/\/www.radians.com.ar\/Articulos\/Images\/6ef5b5c6a61d_DC14\/Microsoft_Windows_Virtual_PC_logo_thumb.png\" width=\"206\" height=\"210\" \/><\/a>Hoy vamos a ver algunas cosas relacionadas con Virtual PC y con Hyper-V. he recibido varias preguntas acerca de estos productos y de como solucionar problemas comunes con ellos, hoy vamos a ver uno puntual. Es com\u00fan pasar una maquina virtual de Virtual PC a Hyper-V, pero que pasa cuando queremos hacer la inversa? Muchos dicen que no se puede, pero es verdad?.<\/font><\/p>\n<p align=\"justify\"><font size=\"2\">Cuando queremos levantar una virtual que estaba funcionando sin inconvenientes en Hyper-V en Virtual PC vemos el siguiente error (si la iniciamos en modo \u201c<font color=\"#ff0000\" face=\"OCR A Extended\">Safe Mode<\/font>\u201d, sino vemos una pantalla negra):<\/font><\/p>\n<p align=\"justify\"><font size=\"2\"><a href=\"http:\/\/www.radians.com.ar\/Articulos\/Images\/6ef5b5c6a61d_DC14\/HPVenVPC.png\"><img loading=\"lazy\" decoding=\"async\" style=\"background-image: none; border-right-width: 0px; margin: 5px; padding-left: 0px; padding-right: 0px; display: inline; border-top-width: 0px; border-bottom-width: 0px; border-left-width: 0px; padding-top: 0px\" title=\"HPVenVPC\" border=\"0\" alt=\"HPVenVPC\" src=\"http:\/\/www.radians.com.ar\/Articulos\/Images\/6ef5b5c6a61d_DC14\/HPVenVPC_thumb.png\" width=\"544\" height=\"342\" \/><\/a><\/font><\/p>\n<p align=\"justify\"><font size=\"2\">Entonces, se puede o no se puede hacer este cambio?. La realidad es que: \u201c<font color=\"#ff0000\" face=\"OCR A Extended\">Si se puede<\/font>\u201d, pero hay que tener algunas cosas en cuenta antes de hacerlo.<\/font><\/p>\n<h2>De VPC a Hyper-V<\/h2>\n<p align=\"justify\"><font size=\"2\">En principio, cuando pasamos una VPC (maquina virtual hecha en Virtual PC) a Hyper-V debemos hacer ir a agregar o quitar programas y desinstalar el componente <font color=\"#ff0000\" face=\"OCR A Extended\">Virtual Machine Additions<\/font>.<\/font><\/p>\n<p><a href=\"http:\/\/www.radians.com.ar\/Articulos\/Images\/6ef5b5c6a61d_DC14\/VPC02.png\"><img loading=\"lazy\" decoding=\"async\" style=\"background-image: none; border-right-width: 0px; margin: 5px; padding-left: 0px; padding-right: 0px; display: inline; border-top-width: 0px; border-bottom-width: 0px; border-left-width: 0px; padding-top: 0px\" title=\"www.radians.com.ar \u00a9 2011\" border=\"0\" alt=\"www.radians.com.ar \u00a9 2011\" src=\"http:\/\/www.radians.com.ar\/Articulos\/Images\/6ef5b5c6a61d_DC14\/VPC02_thumb.png\" width=\"544\" height=\"409\" \/><\/a><\/p>\n<p><a href=\"http:\/\/www.radians.com.ar\/Articulos\/Images\/6ef5b5c6a61d_DC14\/VPC03.png\"><img loading=\"lazy\" decoding=\"async\" style=\"background-image: none; border-right-width: 0px; margin: 5px; padding-left: 0px; padding-right: 0px; display: inline; border-top-width: 0px; border-bottom-width: 0px; border-left-width: 0px; padding-top: 0px\" title=\"www.radians.com.ar \u00a9 2011\" border=\"0\" alt=\"www.radians.com.ar \u00a9 2011\" src=\"http:\/\/www.radians.com.ar\/Articulos\/Images\/6ef5b5c6a61d_DC14\/VPC03_thumb.png\" width=\"544\" height=\"409\" \/><\/a><\/p>\n<p align=\"justify\"><font size=\"2\">Tengamos en mente estas dos ventanas, el antes y el despu\u00e9s de desinstalar el VM Additions.<\/font><\/p>\n<p><a href=\"http:\/\/www.radians.com.ar\/Articulos\/Images\/6ef5b5c6a61d_DC14\/VPC01.png\"><img loading=\"lazy\" decoding=\"async\" style=\"background-image: none; border-right-width: 0px; margin: 5px; padding-left: 0px; padding-right: 0px; display: inline; border-top-width: 0px; border-bottom-width: 0px; border-left-width: 0px; padding-top: 0px\" title=\"www.radians.com.ar \u00a9 2011\" border=\"0\" alt=\"www.radians.com.ar \u00a9 2011\" src=\"http:\/\/www.radians.com.ar\/Articulos\/Images\/6ef5b5c6a61d_DC14\/VPC01_thumb.png\" width=\"544\" height=\"409\" \/><\/a><\/p>\n<p><a href=\"http:\/\/www.radians.com.ar\/Articulos\/Images\/6ef5b5c6a61d_DC14\/VPC04.png\"><img loading=\"lazy\" decoding=\"async\" style=\"background-image: none; border-right-width: 0px; margin: 5px; padding-left: 0px; padding-right: 0px; display: inline; border-top-width: 0px; border-bottom-width: 0px; border-left-width: 0px; padding-top: 0px\" title=\"www.radians.com.ar \u00a9 2011\" border=\"0\" alt=\"www.radians.com.ar \u00a9 2011\" src=\"http:\/\/www.radians.com.ar\/Articulos\/Images\/6ef5b5c6a61d_DC14\/VPC04_thumb.png\" width=\"544\" height=\"409\" \/><\/a><\/p>\n<p align=\"justify\"><font size=\"2\">Nosotros tenemos un servidor de virtualizaci\u00f3n en el cual esta implementado Hyper-V, montado sobre un Windows Server 2008 R2. Vamos a la consola de Hyper-V, seleccionamos en el cuadro de Actions, <font color=\"#ff0000\" face=\"OCR A Extended\">New<\/font>, y luego <\/font><font color=\"#ff0000\" face=\"OCR A Extended\"><font size=\"2\">Virtual Machine\u2026<\/font> <\/font><\/p>\n<p><a href=\"http:\/\/www.radians.com.ar\/Articulos\/Images\/6ef5b5c6a61d_DC14\/VPC05.png\"><img loading=\"lazy\" decoding=\"async\" style=\"background-image: none; border-right-width: 0px; margin: 5px; padding-left: 0px; padding-right: 0px; display: inline; border-top-width: 0px; border-bottom-width: 0px; border-left-width: 0px; padding-top: 0px\" title=\"www.radians.com.ar \u00a9 2011\" border=\"0\" alt=\"www.radians.com.ar \u00a9 2011\" src=\"http:\/\/www.radians.com.ar\/Articulos\/Images\/6ef5b5c6a61d_DC14\/VPC05_thumb.png\" width=\"544\" height=\"409\" \/><\/a><\/p>\n<p>Comienza el wizard de instalaci\u00f3n de la VM en Hyper-V, lo seguimos en el paso a paso:<\/p>\n<p><a href=\"http:\/\/www.radians.com.ar\/Articulos\/Images\/6ef5b5c6a61d_DC14\/VPC06.png\"><img loading=\"lazy\" decoding=\"async\" style=\"background-image: none; border-right-width: 0px; margin: 5px; padding-left: 0px; padding-right: 0px; display: inline; border-top-width: 0px; border-bottom-width: 0px; border-left-width: 0px; padding-top: 0px\" title=\"www.radians.com.ar \u00a9 2011\" border=\"0\" alt=\"www.radians.com.ar \u00a9 2011\" src=\"http:\/\/www.radians.com.ar\/Articulos\/Images\/6ef5b5c6a61d_DC14\/VPC06_thumb.png\" width=\"544\" height=\"409\" \/><\/a><\/p>\n<p><a href=\"http:\/\/www.radians.com.ar\/Articulos\/Images\/6ef5b5c6a61d_DC14\/VPC07.png\"><img loading=\"lazy\" decoding=\"async\" style=\"background-image: none; border-right-width: 0px; margin: 5px; padding-left: 0px; padding-right: 0px; display: inline; border-top-width: 0px; border-bottom-width: 0px; border-left-width: 0px; padding-top: 0px\" title=\"www.radians.com.ar \u00a9 2011\" border=\"0\" alt=\"www.radians.com.ar \u00a9 2011\" src=\"http:\/\/www.radians.com.ar\/Articulos\/Images\/6ef5b5c6a61d_DC14\/VPC07_thumb.png\" width=\"544\" height=\"409\" \/><\/a><\/p>\n<p><a href=\"http:\/\/www.radians.com.ar\/Articulos\/Images\/6ef5b5c6a61d_DC14\/VPC08.png\"><img loading=\"lazy\" decoding=\"async\" style=\"background-image: none; border-right-width: 0px; margin: 5px; padding-left: 0px; padding-right: 0px; display: inline; border-top-width: 0px; border-bottom-width: 0px; border-left-width: 0px; padding-top: 0px\" title=\"www.radians.com.ar \u00a9 2011\" border=\"0\" alt=\"www.radians.com.ar \u00a9 2011\" src=\"http:\/\/www.radians.com.ar\/Articulos\/Images\/6ef5b5c6a61d_DC14\/VPC08_thumb.png\" width=\"544\" height=\"409\" \/><\/a><\/p>\n<p>En donde debemos seleccionar el tipo de disco, indicamos <font color=\"#ff0000\" face=\"OCR A Extended\">Use an exisisting wirtual hard disk<\/font>, y buscamos la ubicaci\u00f3n de nuestro archivo .VHD<\/p>\n<p><a href=\"http:\/\/www.radians.com.ar\/Articulos\/Images\/6ef5b5c6a61d_DC14\/VPC09.png\"><img loading=\"lazy\" decoding=\"async\" style=\"background-image: none; border-right-width: 0px; margin: 5px; padding-left: 0px; padding-right: 0px; display: inline; border-top-width: 0px; border-bottom-width: 0px; border-left-width: 0px; padding-top: 0px\" title=\"www.radians.com.ar \u00a9 2011\" border=\"0\" alt=\"www.radians.com.ar \u00a9 2011\" src=\"http:\/\/www.radians.com.ar\/Articulos\/Images\/6ef5b5c6a61d_DC14\/VPC09_thumb.png\" width=\"544\" height=\"409\" \/><\/a><\/p>\n<p><a href=\"http:\/\/www.radians.com.ar\/Articulos\/Images\/6ef5b5c6a61d_DC14\/VPC10.png\"><img loading=\"lazy\" decoding=\"async\" style=\"background-image: none; border-right-width: 0px; margin: 5px; padding-left: 0px; padding-right: 0px; display: inline; border-top-width: 0px; border-bottom-width: 0px; border-left-width: 0px; padding-top: 0px\" title=\"www.radians.com.ar \u00a9 2011\" border=\"0\" alt=\"www.radians.com.ar \u00a9 2011\" src=\"http:\/\/www.radians.com.ar\/Articulos\/Images\/6ef5b5c6a61d_DC14\/VPC10_thumb.png\" width=\"544\" height=\"409\" \/><\/a><\/p>\n<p>Iniciamos nuestra VM:<\/p>\n<p><a href=\"http:\/\/www.radians.com.ar\/Articulos\/Images\/6ef5b5c6a61d_DC14\/VPC11.png\"><img loading=\"lazy\" decoding=\"async\" style=\"background-image: none; border-right-width: 0px; margin: 5px; padding-left: 0px; padding-right: 0px; display: inline; border-top-width: 0px; border-bottom-width: 0px; border-left-width: 0px; padding-top: 0px\" title=\"www.radians.com.ar \u00a9 2011\" border=\"0\" alt=\"www.radians.com.ar \u00a9 2011\" src=\"http:\/\/www.radians.com.ar\/Articulos\/Images\/6ef5b5c6a61d_DC14\/VPC11_thumb.png\" width=\"544\" height=\"409\" \/><\/a><\/p>\n<p>Abrimos la VM, y podemos ver que no tiene el <font color=\"#ff0000\" face=\"OCR A Extended\">Integration Services<\/font>, por lo cual no tenemos Red ni video entre otras cosas.<\/p>\n<p><a href=\"http:\/\/www.radians.com.ar\/Articulos\/Images\/6ef5b5c6a61d_DC14\/VPC12.png\"><img loading=\"lazy\" decoding=\"async\" style=\"background-image: none; border-right-width: 0px; margin: 5px; padding-left: 0px; padding-right: 0px; display: inline; border-top-width: 0px; border-bottom-width: 0px; border-left-width: 0px; padding-top: 0px\" title=\"www.radians.com.ar \u00a9 2011\" border=\"0\" alt=\"www.radians.com.ar \u00a9 2011\" src=\"http:\/\/www.radians.com.ar\/Articulos\/Images\/6ef5b5c6a61d_DC14\/VPC12_thumb.png\" width=\"544\" height=\"409\" \/><\/a><\/p>\n<p>Vamos a instalarlo, y aqu\u00ed vemos este importante mensaje:<\/p>\n<p><a href=\"http:\/\/www.radians.com.ar\/Articulos\/Images\/6ef5b5c6a61d_DC14\/VPC13.png\"><img loading=\"lazy\" decoding=\"async\" style=\"background-image: none; border-right-width: 0px; margin: 5px; padding-left: 0px; padding-right: 0px; display: inline; border-top-width: 0px; border-bottom-width: 0px; border-left-width: 0px; padding-top: 0px\" title=\"www.radians.com.ar \u00a9 2011\" border=\"0\" alt=\"www.radians.com.ar \u00a9 2011\" src=\"http:\/\/www.radians.com.ar\/Articulos\/Images\/6ef5b5c6a61d_DC14\/VPC13_thumb.png\" width=\"544\" height=\"409\" \/><\/a><\/p>\n<p>En este mensaje se nos informa que la HAL de esta VM va a ser Upgradeada.<\/p>\n<p><a href=\"http:\/\/www.radians.com.ar\/Articulos\/Images\/6ef5b5c6a61d_DC14\/VPC14.png\"><img loading=\"lazy\" decoding=\"async\" style=\"background-image: none; border-right-width: 0px; margin: 5px; padding-left: 0px; padding-right: 0px; display: inline; border-top-width: 0px; border-bottom-width: 0px; border-left-width: 0px; padding-top: 0px\" title=\"www.radians.com.ar \u00a9 2011\" border=\"0\" alt=\"www.radians.com.ar \u00a9 2011\" src=\"http:\/\/www.radians.com.ar\/Articulos\/Images\/6ef5b5c6a61d_DC14\/VPC14_thumb.png\" width=\"544\" height=\"409\" \/><\/a><\/p>\n<p>Y luego, nos va a indicar que tenemos que reiniciar el equipo para finalizar.<\/p>\n<p><a href=\"http:\/\/www.radians.com.ar\/Articulos\/Images\/6ef5b5c6a61d_DC14\/VPC15.png\"><img loading=\"lazy\" decoding=\"async\" style=\"background-image: none; border-right-width: 0px; margin: 5px; padding-left: 0px; padding-right: 0px; display: inline; border-top-width: 0px; border-bottom-width: 0px; border-left-width: 0px; padding-top: 0px\" title=\"www.radians.com.ar \u00a9 2011\" border=\"0\" alt=\"www.radians.com.ar \u00a9 2011\" src=\"http:\/\/www.radians.com.ar\/Articulos\/Images\/6ef5b5c6a61d_DC14\/VPC15_thumb.png\" width=\"544\" height=\"409\" \/><\/a><\/p>\n<p>Al reiniciar ya funciona correctamente nuestra VM en Hyper-V con la integraci\u00f3n de servicios (puede necesitar reiniciar varias veces). Podemos ver las diferencias en el siguiente screenshoot:<\/p>\n<p><a href=\"http:\/\/www.radians.com.ar\/Articulos\/Images\/6ef5b5c6a61d_DC14\/VPC16.png\"><img loading=\"lazy\" decoding=\"async\" style=\"background-image: none; border-right-width: 0px; margin: 5px; padding-left: 0px; padding-right: 0px; display: inline; border-top-width: 0px; border-bottom-width: 0px; border-left-width: 0px; padding-top: 0px\" title=\"www.radians.com.ar \u00a9 2011\" border=\"0\" alt=\"www.radians.com.ar \u00a9 2011\" src=\"http:\/\/www.radians.com.ar\/Articulos\/Images\/6ef5b5c6a61d_DC14\/VPC16_thumb.png\" width=\"544\" height=\"409\" \/><\/a><\/p>\n<p>Hasta ac\u00e1, todo es normal ahora que pasa cuando queremos hacer la inversa?<\/p>\n<h2>De Hyper-V a VPC<\/h2>\n<p>Lo primero que debemos hacer antes de pasar una VM de HyperV a Virtual PC, es desinstalar el <font color=\"#ff0000\" face=\"OCR A Extended\">Integration Services<\/font>, ya que sino no va a levantar la VM. Debemos tener en cuenta que esto generara que perdamos los datos de la red, \u00f3sea si tenemos IP fija debemos acodarnos de copiar los datos del servidor para despu\u00e9s volver a configurarlo.<\/p>\n<p><a href=\"http:\/\/www.radians.com.ar\/Articulos\/Images\/6ef5b5c6a61d_DC14\/HPV01.png\"><img loading=\"lazy\" decoding=\"async\" style=\"background-image: none; border-right-width: 0px; margin: 5px; padding-left: 0px; padding-right: 0px; display: inline; border-top-width: 0px; border-bottom-width: 0px; border-left-width: 0px; padding-top: 0px\" title=\"www.radians.com.ar \u00a9 2011\" border=\"0\" alt=\"www.radians.com.ar \u00a9 2011\" src=\"http:\/\/www.radians.com.ar\/Articulos\/Images\/6ef5b5c6a61d_DC14\/HPV01_thumb.png\" width=\"544\" height=\"175\" \/><\/a><\/p>\n<p>Ahora, lo mas importante es que tener una maquina virtual en Virtual PC que tenga el mismo sistema operativo y el mismo nivel de Service Pack, entonces lo que hacemos es adjuntar el disco de la maquina virtual en Hyper-V (de ahora en mas llamada HPV) como segundo disco.<\/p>\n<p><a href=\"http:\/\/www.radians.com.ar\/Articulos\/Images\/6ef5b5c6a61d_DC14\/HPV02.png\"><img loading=\"lazy\" decoding=\"async\" style=\"background-image: none; border-right-width: 0px; margin: 5px; padding-left: 0px; padding-right: 0px; display: inline; border-top-width: 0px; border-bottom-width: 0px; border-left-width: 0px; padding-top: 0px\" title=\"www.radians.com.ar \u00a9 2011\" border=\"0\" alt=\"www.radians.com.ar \u00a9 2011\" src=\"http:\/\/www.radians.com.ar\/Articulos\/Images\/6ef5b5c6a61d_DC14\/HPV02_thumb.png\" width=\"544\" height=\"312\" \/><\/a><\/p>\n<p>Entonces, esta VPC es similar en versi\u00f3n de Sistema Operativo y Service Pack con la maquina Virtual de Hyper-V que estoy queriendo levantar en Virtual PC. Ahora lo que debemos hacer es una copia del archivo <em><strong><font color=\"#ff0000\" face=\"OCR A Extended\">HAL.dll<\/font><\/strong><\/em> que se encuentra en la carpeta <strong><em><font color=\"#ff0000\" face=\"OCR A Extended\">c:\\windows\\system32<\/font><\/em><\/strong>, de la maquina VPC a la misma ubicaci\u00f3n del disco 2 que corresponde a la maquina virtual de Hyper-V.<\/p>\n<p>Recordemos que si no vemos el segundo disco, debemos abrir la consola de administraci\u00f3n de discos (<font color=\"#ff0000\" face=\"OCR A Extended\">Disk Management<\/font>) y vemos que la unidad no tiene letra asignada, hacemos clic con el bot\u00f3n derecho y seleccionamos <font color=\"#ff0000\" face=\"OCR A Extended\">Add Drive Letter and Paths\u2026<\/font><\/p>\n<p><a href=\"http:\/\/www.radians.com.ar\/Articulos\/Images\/6ef5b5c6a61d_DC14\/HPV03.png\"><img loading=\"lazy\" decoding=\"async\" style=\"background-image: none; border-right-width: 0px; margin: 5px; padding-left: 0px; padding-right: 0px; display: inline; border-top-width: 0px; border-bottom-width: 0px; border-left-width: 0px; padding-top: 0px\" title=\"www.radians.com.ar \u00a9 2011\" border=\"0\" alt=\"www.radians.com.ar \u00a9 2011\" src=\"http:\/\/www.radians.com.ar\/Articulos\/Images\/6ef5b5c6a61d_DC14\/HPV03_thumb.png\" width=\"544\" height=\"409\" \/><\/a><\/p>\n<p><a href=\"http:\/\/www.radians.com.ar\/Articulos\/Images\/6ef5b5c6a61d_DC14\/HPV04.png\"><img loading=\"lazy\" decoding=\"async\" style=\"background-image: none; border-right-width: 0px; margin: 5px; padding-left: 0px; padding-right: 0px; display: inline; border-top-width: 0px; border-bottom-width: 0px; border-left-width: 0px; padding-top: 0px\" title=\"www.radians.com.ar \u00a9 2011\" border=\"0\" alt=\"www.radians.com.ar \u00a9 2011\" src=\"http:\/\/www.radians.com.ar\/Articulos\/Images\/6ef5b5c6a61d_DC14\/HPV04_thumb.png\" width=\"544\" height=\"409\" \/><\/a><\/p>\n<p>Una vez hecho esto podemos ver los dos discos de las dos maquinas virtuales, el <font color=\"#ff0000\" face=\"OCR A Extended\">C:\\<\/font> que corresponde a la maquina virtual en Virtual PC y el <font color=\"#ff0000\" face=\"OCR A Extended\">E:\\<\/font> que corresponde a la maquina virtual en Hyper-V. <\/p>\n<p><a href=\"http:\/\/www.radians.com.ar\/Articulos\/Images\/6ef5b5c6a61d_DC14\/HPV05.png\"><img loading=\"lazy\" decoding=\"async\" style=\"background-image: none; border-right-width: 0px; margin: 5px; padding-left: 0px; padding-right: 0px; display: inline; border-top-width: 0px; border-bottom-width: 0px; border-left-width: 0px; padding-top: 0px\" title=\"www.radians.com.ar \u00a9 2011\" border=\"0\" alt=\"www.radians.com.ar \u00a9 2011\" src=\"http:\/\/www.radians.com.ar\/Articulos\/Images\/6ef5b5c6a61d_DC14\/HPV05_thumb.png\" width=\"544\" height=\"409\" \/><\/a><\/p>\n<p>Aqu\u00ed podemos comparar los dos archivos<font color=\"#ff0000\" face=\"OCR A Extended\"> HAL.DLL<\/font>, vemos que uno es mayor que el otro, lo que debemos hacer es reemplazar el archivo de la maquina en Hyper-V por el archivo de la maquina virtual de Hyper-V.<\/p>\n<p><a href=\"http:\/\/www.radians.com.ar\/Articulos\/Images\/6ef5b5c6a61d_DC14\/HPV06.png\"><img loading=\"lazy\" decoding=\"async\" style=\"background-image: none; border-right-width: 0px; margin: 5px; padding-left: 0px; padding-right: 0px; display: inline; border-top-width: 0px; border-bottom-width: 0px; border-left-width: 0px; padding-top: 0px\" title=\"www.radians.com.ar \u00a9 2011\" border=\"0\" alt=\"www.radians.com.ar \u00a9 2011\" src=\"http:\/\/www.radians.com.ar\/Articulos\/Images\/6ef5b5c6a61d_DC14\/HPV06_thumb.png\" width=\"544\" height=\"409\" \/><\/a><\/p>\n<p>Listo este tema, apagamos la maquina.<\/p>\n<p><a href=\"http:\/\/www.radians.com.ar\/Articulos\/Images\/6ef5b5c6a61d_DC14\/HPV07.png\"><img loading=\"lazy\" decoding=\"async\" style=\"background-image: none; border-right-width: 0px; margin: 5px; padding-left: 0px; padding-right: 0px; display: inline; border-top-width: 0px; border-bottom-width: 0px; border-left-width: 0px; padding-top: 0px\" title=\"www.radians.com.ar \u00a9 2011\" border=\"0\" alt=\"www.radians.com.ar \u00a9 2011\" src=\"http:\/\/www.radians.com.ar\/Articulos\/Images\/6ef5b5c6a61d_DC14\/HPV07_thumb.png\" width=\"544\" height=\"409\" \/><\/a><\/p>\n<p>Vamos a configurar una nueva maquina virtual, en la que el disco r\u00edgido ser\u00e1 nuestro r\u00edgido de la maquina en Hyper-V que quer\u00edamos migrar.<\/p>\n<p><a href=\"http:\/\/www.radians.com.ar\/Articulos\/Images\/6ef5b5c6a61d_DC14\/HPV08.png\"><img loading=\"lazy\" decoding=\"async\" style=\"background-image: none; border-right-width: 0px; margin: 5px; padding-left: 0px; padding-right: 0px; display: inline; border-top-width: 0px; border-bottom-width: 0px; border-left-width: 0px; padding-top: 0px\" title=\"www.radians.com.ar \u00a9 2011\" border=\"0\" alt=\"www.radians.com.ar \u00a9 2011\" src=\"http:\/\/www.radians.com.ar\/Articulos\/Images\/6ef5b5c6a61d_DC14\/HPV08_thumb.png\" width=\"544\" height=\"312\" \/><\/a><\/p>\n<p>Al iniciar la maquina vemos que podemos logearnos bien sin ning\u00fan tipo de inconvenientes.<\/p>\n<p><a href=\"http:\/\/www.radians.com.ar\/Articulos\/Images\/6ef5b5c6a61d_DC14\/HPV09.png\"><img loading=\"lazy\" decoding=\"async\" style=\"background-image: none; border-right-width: 0px; margin: 5px; padding-left: 0px; padding-right: 0px; display: inline; border-top-width: 0px; border-bottom-width: 0px; border-left-width: 0px; padding-top: 0px\" title=\"www.radians.com.ar \u00a9 2011\" border=\"0\" alt=\"www.radians.com.ar \u00a9 2011\" src=\"http:\/\/www.radians.com.ar\/Articulos\/Images\/6ef5b5c6a61d_DC14\/HPV09_thumb.png\" width=\"544\" height=\"409\" \/><\/a><\/p>\n<p align=\"justify\"><font size=\"2\">Luego de unos segundos, la maquina virtual nos informara que debe reiniciarse para que puedan aplicarse ciertos cambios de dispositivos. Esto se debe al cambio de HAL que hemos realizado. Una vez que reiniciemos la VM, ya estar\u00e1 operativa, solo deber\u00edamos instalar los Additions de VPC para poder utilizarla al 100% con todos sus dispositivos, para que interprete el hardware y puedas configurar los datos de la NIC (placa de red) que hab\u00edamos copiado anteriormente. Este procedimiento es medio engorroso pero funciona bien.<\/font><\/p>\n<p align=\"justify\"><font size=\"2\">En definitiva, la explicaci\u00f3n breve de este tema: esto ocurre porque cambia la HAL de una maquina a otra, y no lo tenemos que hacer cuando pasas una VM de virtual PC a Hyper-V porque lo hace solo. Es decir, cuando migramos una VM de VPC a Hyper-V, cuando esta iniciando nos indica mediante un mensaje que va a hacer un upgrade de la HAL. El tema es que no tenemos la posibilidad de hacer un downgrade para pasarla de Hyper-Va VPC, por eso hacemos este procedimiento.<\/font><\/p>\n<p align=\"justify\"><font size=\"2\">Espero que les sirva de utilidad. Saludos, Roberto Di Lello.<\/font><\/p>\n","protected":false},"excerpt":{"rendered":"<p>Hoy vamos a ver algunas cosas relacionadas con Virtual PC y con Hyper-V. he recibido&#8230;<\/p>\n","protected":false},"author":1,"featured_media":4291,"comment_status":"closed","ping_status":"closed","sticky":false,"template":"","format":"standard","meta":{"_monsterinsights_skip_tracking":false,"_monsterinsights_sitenote_active":false,"_monsterinsights_sitenote_note":"","_monsterinsights_sitenote_category":0,"footnotes":""},"categories":[12,11,69,13],"tags":[],"class_list":["post-1416","post","type-post","status-publish","format-standard","has-post-thumbnail","hentry","category-2003-r2","category-2008-r2","category-windows-7","category-vista-xp"],"_links":{"self":[{"href":"https:\/\/www.radians.com.ar\/blog\/index.php?rest_route=\/wp\/v2\/posts\/1416","targetHints":{"allow":["GET"]}}],"collection":[{"href":"https:\/\/www.radians.com.ar\/blog\/index.php?rest_route=\/wp\/v2\/posts"}],"about":[{"href":"https:\/\/www.radians.com.ar\/blog\/index.php?rest_route=\/wp\/v2\/types\/post"}],"author":[{"embeddable":true,"href":"https:\/\/www.radians.com.ar\/blog\/index.php?rest_route=\/wp\/v2\/users\/1"}],"replies":[{"embeddable":true,"href":"https:\/\/www.radians.com.ar\/blog\/index.php?rest_route=%2Fwp%2Fv2%2Fcomments&post=1416"}],"version-history":[{"count":0,"href":"https:\/\/www.radians.com.ar\/blog\/index.php?rest_route=\/wp\/v2\/posts\/1416\/revisions"}],"wp:featuredmedia":[{"embeddable":true,"href":"https:\/\/www.radians.com.ar\/blog\/index.php?rest_route=\/wp\/v2\/media\/4291"}],"wp:attachment":[{"href":"https:\/\/www.radians.com.ar\/blog\/index.php?rest_route=%2Fwp%2Fv2%2Fmedia&parent=1416"}],"wp:term":[{"taxonomy":"category","embeddable":true,"href":"https:\/\/www.radians.com.ar\/blog\/index.php?rest_route=%2Fwp%2Fv2%2Fcategories&post=1416"},{"taxonomy":"post_tag","embeddable":true,"href":"https:\/\/www.radians.com.ar\/blog\/index.php?rest_route=%2Fwp%2Fv2%2Ftags&post=1416"}],"curies":[{"name":"wp","href":"https:\/\/api.w.org\/{rel}","templated":true}]}}